{"id":36230,"date":"2021-11-01T09:00:04","date_gmt":"2021-11-01T12:00:04","guid":{"rendered":"https:\/\/sectorprensa.com.ar\/?p=36230"},"modified":"2021-11-06T14:25:05","modified_gmt":"2021-11-06T17:25:05","slug":"hurlingham-selci-se-reunio-con-vecinos-y-charlo-sobre-diversos-temas","status":"publish","type":"post","link":"https:\/\/sectorprensa.com.ar\/?p=36230","title":{"rendered":"HURLINGHAM: SELCI SE REUNI\u00d3 CON VECINOS Y CHARL\u00d3 SOBRE DIVERSOS TEMAS"},"content":{"rendered":"<h6><strong>El intendente de Hurlingham se reuni\u00f3 con vecinos de Villa Tesei y habl\u00f3 sobre la inflaci\u00f3n, seguridad y la pandemia.<\/strong><\/h6>\n<p><!--more--><\/p>\n<p>En las \u00faltimas horas, el intendente de Hurlingham, Dami\u00e1n Selci, se reuni\u00f3 con vecinos en Villa Tesei y charl\u00f3 sobre diversos temas.<\/p>\n<p>El intendente entiende las preocupaciones de los vecinos y por ese motivo en la charla se hablaron temas importantes como la inflaci\u00f3n, la seguridad y la salida de la pandemia.<\/p>\n<p>En la reuni\u00f3n no solamente participaron adultos, sino tambi\u00e9n hubo varios j\u00f3venes (entre ellos adolescentes) para expresar sus sensaciones sobre dichos temas.<\/p>\n<blockquote class=\"wp-embedded-content\" data-secret=\"SLdMg1dIMJ\"><p><a href=\"https:\/\/sectorprensa.com.ar\/hurlingham-galmarini-y-selci-mantuvieron-una-reunion-de-trabajo\/\">HURLINGHAM: GALMARINI Y SELCI MANTUVIERON UNA REUNI\u00d3N DE TRABAJO<\/a><\/p><\/blockquote>\n<p><iframe loading=\"lazy\" class=\"wp-embedded-content\" sandbox=\"allow-scripts\" security=\"restricted\" style=\"position: absolute; clip: rect(1px, 1px, 1px, 1px);\" title=\"&#8220;HURLINGHAM: GALMARINI Y SELCI MANTUVIERON UNA REUNI\u00d3N DE TRABAJO&#8221; &#8212; SECTOR PRENSA\" src=\"https:\/\/sectorprensa.com.ar\/hurlingham-galmarini-y-selci-mantuvieron-una-reunion-de-trabajo\/embed\/#?secret=SLdMg1dIMJ\" data-secret=\"SLdMg1dIMJ\" width=\"600\" height=\"338\" frameborder=\"0\" marginwidth=\"0\" marginheight=\"0\" scrolling=\"no\"><\/iframe><\/p>\n","protected":false},"excerpt":{"rendered":"<p>El intendente de Hurlingham se reuni\u00f3 con vecinos de Villa Tesei y habl\u00f3 sobre la inflaci\u00f3n, seguridad y la pandemia.<\/p>\n","protected":false},"author":1,"featured_media":36231,"comment_status":"closed","ping_status":"open","sticky":false,"template":"","format":"standard","meta":{"colormag_page_container_layout":"default_layout","colormag_page_sidebar_layout":"default_layout","footnotes":""},"categories":[17,6,8],"tags":[1915,5400,688,433],"class_list":["post-36230","post","type-post","status-publish","format-standard","has-post-thumbnail","hentry","category-destacadas","category-hurlingham","category-politica","tag-charla","tag-damian-selci","tag-vecinos","tag-villa-tesei"],"_links":{"self":[{"href":"https:\/\/sectorprensa.com.ar\/index.php?rest_route=\/wp\/v2\/posts\/36230","targetHints":{"allow":["GET"]}}],"collection":[{"href":"https:\/\/sectorprensa.com.ar\/index.php?rest_route=\/wp\/v2\/posts"}],"about":[{"href":"https:\/\/sectorprensa.com.ar\/index.php?rest_route=\/wp\/v2\/types\/post"}],"author":[{"embeddable":true,"href":"https:\/\/sectorprensa.com.ar\/index.php?rest_route=\/wp\/v2\/users\/1"}],"replies":[{"embeddable":true,"href":"https:\/\/sectorprensa.com.ar\/index.php?rest_route=%2Fwp%2Fv2%2Fcomments&post=36230"}],"version-history":[{"count":2,"href":"https:\/\/sectorprensa.com.ar\/index.php?rest_route=\/wp\/v2\/posts\/36230\/revisions"}],"predecessor-version":[{"id":36233,"href":"https:\/\/sectorprensa.com.ar\/index.php?rest_route=\/wp\/v2\/posts\/36230\/revisions\/36233"}],"wp:featuredmedia":[{"embeddable":true,"href":"https:\/\/sectorprensa.com.ar\/index.php?rest_route=\/wp\/v2\/media\/36231"}],"wp:attachment":[{"href":"https:\/\/sectorprensa.com.ar\/index.php?rest_route=%2Fwp%2Fv2%2Fmedia&parent=36230"}],"wp:term":[{"taxonomy":"category","embeddable":true,"href":"https:\/\/sectorprensa.com.ar\/index.php?rest_route=%2Fwp%2Fv2%2Fcategories&post=36230"},{"taxonomy":"post_tag","embeddable":true,"href":"https:\/\/sectorprensa.com.ar\/index.php?rest_route=%2Fwp%2Fv2%2Ftags&post=36230"}],"curies":[{"name":"wp","href":"https:\/\/api.w.org\/{rel}","templated":true}]}}