{"id":36689,"date":"2021-11-09T07:00:03","date_gmt":"2021-11-09T10:00:03","guid":{"rendered":"https:\/\/sectorprensa.com.ar\/?p=36689"},"modified":"2021-11-08T19:29:22","modified_gmt":"2021-11-08T22:29:22","slug":"operativo-detectar-en-moreno-mira-donde-estara-esta-semana","status":"publish","type":"post","link":"https:\/\/sectorprensa.com.ar\/?p=36689","title":{"rendered":"OPERATIVO DETECTAR EN MORENO: MIR\u00c1 D\u00d3NDE ESTAR\u00c1 ESTA SEMANA"},"content":{"rendered":"<h6><strong>Esta semana, el operativo detectar estar\u00e1 el martes, mi\u00e9rcoles y viernes. Enterate en qu\u00e9 lugar y los horarios.<\/strong><\/h6>\n<p><!--more--><\/p>\n<p>La Municipalidad de Moreno inform\u00f3 a toda la comunidad que contin\u00faan los Operativos DETECTAR. Los mismos se realizan todas las semanas en diferentes puntos del distrito -en modalidad itinerante- para que todas las vecinas y los vecinos puedan realizarse los testeos correspondientes al Covid-19.<\/p>\n<p>Esta semana los puntos de control estar\u00e1n ubicados en:<\/p>\n<p>&#8211; Martes, 09 de Noviembre \u2013 Cuartel V \u2013 Barrio San Norberto, en la Ruta 24 y Allende, de 9 a 13 horas.<\/p>\n<p>&#8211; Mi\u00e9rcoles, 10 de Noviembre \u2013 Trujui &#8211; Barrio Parque, en la Avenida N\u00e9stor Kirchner y Santos Dumont, de 9 a 13 horas.<\/p>\n<p>&#8211; Viernes, 12 de Noviembre \u2013 La Reja \u2013 en la plaza \u00abReja Grande\u00bb, ubicada en las calles Victorino de la Plaza y La Madre, de 9 a 13 horas.<\/p>\n<p>Estas jornadas de abordaje territorial se llevan a cabo en diferentes barrios mediante los equipos de la secretaria de Salud, promotoras y referentes comunitarios con el objetivo de la detecci\u00f3n temprana, el cuidado de los casos confirmados y el aislamiento para minimizar la transmisi\u00f3n del coronavirus y cortar, de este modo, la cadena viral en el distrito.<\/p>\n<blockquote class=\"wp-embedded-content\" data-secret=\"KfXCEx3mv1\"><p><a href=\"https:\/\/sectorprensa.com.ar\/moreno-avanza-la-obra-de-ampliacion-de-la-ruta-provincial-n24\/\">MORENO: AVANZA LA OBRA DE AMPLIACI\u00d3N DE LA RUTA PROVINCIAL N\u00b024<\/a><\/p><\/blockquote>\n<p><iframe loading=\"lazy\" class=\"wp-embedded-content\" sandbox=\"allow-scripts\" security=\"restricted\" style=\"position: absolute; clip: rect(1px, 1px, 1px, 1px);\" title=\"&#8220;MORENO: AVANZA LA OBRA DE AMPLIACI\u00d3N DE LA RUTA PROVINCIAL N\u00b024&#8221; &#8212; SECTOR PRENSA\" src=\"https:\/\/sectorprensa.com.ar\/moreno-avanza-la-obra-de-ampliacion-de-la-ruta-provincial-n24\/embed\/#?secret=KfXCEx3mv1\" data-secret=\"KfXCEx3mv1\" width=\"600\" height=\"338\" frameborder=\"0\" marginwidth=\"0\" marginheight=\"0\" scrolling=\"no\"><\/iframe><\/p>\n<p>Los resultados de los estudios realizados a casos sospechosos est\u00e1n disponibles a partir de las 96 horas posteriores a su realizaci\u00f3n.<\/p>\n","protected":false},"excerpt":{"rendered":"<p>Esta semana, el operativo detectar estar\u00e1 el martes, mi\u00e9rcoles y viernes. Enterate en qu\u00e9 lugar y los horarios.<\/p>\n","protected":false},"author":1,"featured_media":36692,"comment_status":"closed","ping_status":"open","sticky":false,"template":"","format":"standard","meta":{"colormag_page_container_layout":"default_layout","colormag_page_sidebar_layout":"default_layout","footnotes":""},"categories":[17,2154,10],"tags":[437,4885],"class_list":["post-36689","post","type-post","status-publish","format-standard","has-post-thumbnail","hentry","category-destacadas","category-moreno","category-sociedad","tag-moreno","tag-operativo-detectar"],"_links":{"self":[{"href":"https:\/\/sectorprensa.com.ar\/index.php?rest_route=\/wp\/v2\/posts\/36689","targetHints":{"allow":["GET"]}}],"collection":[{"href":"https:\/\/sectorprensa.com.ar\/index.php?rest_route=\/wp\/v2\/posts"}],"about":[{"href":"https:\/\/sectorprensa.com.ar\/index.php?rest_route=\/wp\/v2\/types\/post"}],"author":[{"embeddable":true,"href":"https:\/\/sectorprensa.com.ar\/index.php?rest_route=\/wp\/v2\/users\/1"}],"replies":[{"embeddable":true,"href":"https:\/\/sectorprensa.com.ar\/index.php?rest_route=%2Fwp%2Fv2%2Fcomments&post=36689"}],"version-history":[{"count":1,"href":"https:\/\/sectorprensa.com.ar\/index.php?rest_route=\/wp\/v2\/posts\/36689\/revisions"}],"predecessor-version":[{"id":36691,"href":"https:\/\/sectorprensa.com.ar\/index.php?rest_route=\/wp\/v2\/posts\/36689\/revisions\/36691"}],"wp:featuredmedia":[{"embeddable":true,"href":"https:\/\/sectorprensa.com.ar\/index.php?rest_route=\/wp\/v2\/media\/36692"}],"wp:attachment":[{"href":"https:\/\/sectorprensa.com.ar\/index.php?rest_route=%2Fwp%2Fv2%2Fmedia&parent=36689"}],"wp:term":[{"taxonomy":"category","embeddable":true,"href":"https:\/\/sectorprensa.com.ar\/index.php?rest_route=%2Fwp%2Fv2%2Fcategories&post=36689"},{"taxonomy":"post_tag","embeddable":true,"href":"https:\/\/sectorprensa.com.ar\/index.php?rest_route=%2Fwp%2Fv2%2Ftags&post=36689"}],"curies":[{"name":"wp","href":"https:\/\/api.w.org\/{rel}","templated":true}]}}