{"id":36702,"date":"2021-11-08T20:46:41","date_gmt":"2021-11-08T23:46:41","guid":{"rendered":"https:\/\/sectorprensa.com.ar\/?p=36702"},"modified":"2021-11-08T20:46:41","modified_gmt":"2021-11-08T23:46:41","slug":"los-vecinos-de-ramos-mejia-marchan-pidiendo-justicia-por-el-asesinato-del-kiosquero","status":"publish","type":"post","link":"https:\/\/sectorprensa.com.ar\/?p=36702","title":{"rendered":"LOS VECINOS DE RAMOS MEJ\u00cdA MARCHAN PIDIENDO JUSTICIA POR EL ASESINATO DEL KIOSQUERO"},"content":{"rendered":"<h6><strong>Cientos de personas reclaman por el asesinato del kiosquero. Hay heridos tras enfrentamiento con la polic\u00eda.<\/strong><\/h6>\n<p><!--more--><\/p>\n<p>Cientos de vecinos se movilizaron hasta el centro de Ramos Mej\u00eda y pasaron frente a la Comisar\u00eda Seccional Segunda, ubicada en Avenida de Mayo, para exigir m\u00e1s seguridad y reclamar justicia por el crimen de Roberto Sabo, el kiosquero de 45 a\u00f1os que fue asesinado en un intento de asalto, este domingo.<\/p>\n<blockquote class=\"twitter-tweet\" data-width=\"550\" data-dnt=\"true\">\n<p lang=\"es\" dir=\"ltr\"><a href=\"https:\/\/twitter.com\/hashtag\/Ahora?src=hash&amp;ref_src=twsrc%5Etfw\">#Ahora<\/a> <a href=\"https:\/\/twitter.com\/hashtag\/LaMatanza?src=hash&amp;ref_src=twsrc%5Etfw\">#LaMatanza<\/a> Los vecinos comienzan a llegar para la marcha en Ramos Mej\u00eda por pedido de justicia. Se encuentran todo vallado y un gran n\u00famero de efectivos. <a href=\"https:\/\/t.co\/WMN7BlAWxL\">pic.twitter.com\/WMN7BlAWxL<\/a><\/p>\n<p>&mdash; Sector Prensa (@sectorprensa) <a href=\"https:\/\/twitter.com\/sectorprensa\/status\/1457829800727486466?ref_src=twsrc%5Etfw\">November 8, 2021<\/a><\/p><\/blockquote>\n<p><script async src=\"https:\/\/platform.twitter.com\/widgets.js\" charset=\"utf-8\"><\/script><\/p>\n<p>Hubo tensi\u00f3n entre los manifestantes y los agentes, vallas de contenci\u00f3n fueron derribadas y varios uniformados fueron increpados: hay heridos tras el enfrentamiento.<\/p>\n<p>Al grito de \u00abRoberto, presente\u00bb cuestionaron a los agentes presentes en el lugar y expresaron canticos contra el intendente de La Matanza, Fernando Espinoza.<\/p>\n<p>\u00abHoy habl\u00e9 con Berni, estuvimos reunidos. Lo \u00fanico que le ped\u00ed es seguridad. Que me den seguridad\u00bb, dijo Paula, exesposa de la v\u00edctima, y aprovech\u00f3 para \u00abagradecer a la gente de Ramos\u00bb por el apoyo y la movilizaci\u00f3n.<\/p>\n<p>Entre l\u00e1grimas, Pedro, el padre de Roberto, se present\u00f3 a la marcha con los vecinos, quienes lo recibieron entre besos y abrazos. \u201cQuiero justicia, quiero pena de muerte para los chorros. Quiero que me devuelven a mis hijos, quiero que se encarguen de la seguridad\u201d, dijo, con la voz quebrada.<\/p>\n<p>La marcha, en estos momentos, contin\u00faa, aunque en los \u00faltimos minutos la situaci\u00f3n se control\u00f3.<\/p>\n<blockquote class=\"wp-embedded-content\" data-secret=\"9qzsXZymSp\"><p><a href=\"https:\/\/sectorprensa.com.ar\/asi-llegaron-los-delincuentes-que-mataron-al-kiosquero-en-ramos-mejia\/\">AS\u00cd LLEGARON LOS DELINCUENTES QUE MATARON AL KIOSQUERO EN RAMOS MEJ\u00cdA<\/a><\/p><\/blockquote>\n<p><iframe loading=\"lazy\" class=\"wp-embedded-content\" sandbox=\"allow-scripts\" security=\"restricted\" style=\"position: absolute; clip: rect(1px, 1px, 1px, 1px);\" title=\"&#8220;AS\u00cd LLEGARON LOS DELINCUENTES QUE MATARON AL KIOSQUERO EN RAMOS MEJ\u00cdA&#8221; &#8212; SECTOR PRENSA\" src=\"https:\/\/sectorprensa.com.ar\/asi-llegaron-los-delincuentes-que-mataron-al-kiosquero-en-ramos-mejia\/embed\/#?secret=9qzsXZymSp\" data-secret=\"9qzsXZymSp\" width=\"600\" height=\"338\" frameborder=\"0\" marginwidth=\"0\" marginheight=\"0\" scrolling=\"no\"><\/iframe><\/p>\n","protected":false},"excerpt":{"rendered":"<p>Cientos de personas reclaman por el asesinato del kiosquero. Hay heridos tras enfrentamiento con la polic\u00eda.<\/p>\n","protected":false},"author":1,"featured_media":36703,"comment_status":"closed","ping_status":"open","sticky":false,"template":"","format":"video","meta":{"colormag_page_container_layout":"default_layout","colormag_page_sidebar_layout":"default_layout","footnotes":""},"categories":[1,12],"tags":[291,5624,767,544,40],"class_list":["post-36702","post","type-post","status-publish","format-video","has-post-thumbnail","hentry","category-destacado","category-policiales","tag-asesinato","tag-kiosquero","tag-la-matanza","tag-marcha","tag-ramos-mejia","post_format-post-format-video"],"_links":{"self":[{"href":"https:\/\/sectorprensa.com.ar\/index.php?rest_route=\/wp\/v2\/posts\/36702","targetHints":{"allow":["GET"]}}],"collection":[{"href":"https:\/\/sectorprensa.com.ar\/index.php?rest_route=\/wp\/v2\/posts"}],"about":[{"href":"https:\/\/sectorprensa.com.ar\/index.php?rest_route=\/wp\/v2\/types\/post"}],"author":[{"embeddable":true,"href":"https:\/\/sectorprensa.com.ar\/index.php?rest_route=\/wp\/v2\/users\/1"}],"replies":[{"embeddable":true,"href":"https:\/\/sectorprensa.com.ar\/index.php?rest_route=%2Fwp%2Fv2%2Fcomments&post=36702"}],"version-history":[{"count":1,"href":"https:\/\/sectorprensa.com.ar\/index.php?rest_route=\/wp\/v2\/posts\/36702\/revisions"}],"predecessor-version":[{"id":36704,"href":"https:\/\/sectorprensa.com.ar\/index.php?rest_route=\/wp\/v2\/posts\/36702\/revisions\/36704"}],"wp:featuredmedia":[{"embeddable":true,"href":"https:\/\/sectorprensa.com.ar\/index.php?rest_route=\/wp\/v2\/media\/36703"}],"wp:attachment":[{"href":"https:\/\/sectorprensa.com.ar\/index.php?rest_route=%2Fwp%2Fv2%2Fmedia&parent=36702"}],"wp:term":[{"taxonomy":"category","embeddable":true,"href":"https:\/\/sectorprensa.com.ar\/index.php?rest_route=%2Fwp%2Fv2%2Fcategories&post=36702"},{"taxonomy":"post_tag","embeddable":true,"href":"https:\/\/sectorprensa.com.ar\/index.php?rest_route=%2Fwp%2Fv2%2Ftags&post=36702"}],"curies":[{"name":"wp","href":"https:\/\/api.w.org\/{rel}","templated":true}]}}