{"id":36754,"date":"2021-11-10T07:00:17","date_gmt":"2021-11-10T10:00:17","guid":{"rendered":"https:\/\/sectorprensa.com.ar\/?p=36754"},"modified":"2021-11-09T17:19:45","modified_gmt":"2021-11-09T20:19:45","slug":"la-autopsia-del-kiosquero-asesinado-murio-por-cuatro-impactos-de-bala-en-el-torax","status":"publish","type":"post","link":"https:\/\/sectorprensa.com.ar\/?p=36754","title":{"rendered":"LA AUTOPSIA DEL KIOSQUERO ASESINADO: MURI\u00d3 POR CUATRO IMPACTOS DE BALA EN EL T\u00d3RAX"},"content":{"rendered":"<h6><strong>El kiosquero de Ramos Mej\u00eda falleci\u00f3 tras haber recibido los cuatro disparos. \u00abNo me pidan la prisi\u00f3n perpetua\u00bb, dijo el asesino.<\/strong><\/h6>\n<p><!--more--><\/p>\n<p>El kiosquero Roberto Sabo, asesinado el pasado domingo durante un asalto en su comercio de la localidad de Ramos Mej\u00eda, recibi\u00f3 cuatro disparos en el t\u00f3rax que le provocaron la muerte, seg\u00fan el resultado preliminar de la autopsia.<\/p>\n<p>\u201cNo quiere decir que los impactos hayan quedados alojados, sino que pueden tener orificio de entrada o salida. Todos los impactos fueron en la zona del t\u00f3rax\u201d, revel\u00f3 un informante judicial.<\/p>\n<p>El fiscal Federico Medone, de la Unidad Funcional de Instrucci\u00f3n (UFI) de Homicidios del Departamento Judicial de La Matanza, aguarda la conclusi\u00f3n de la autopsia para agregarla al expediente y avanzar con el pedido de prisi\u00f3n preventiva del acusado del crimen, Leandro Daniel Su\u00e1rez, de 29 a\u00f1os.<\/p>\n<p>\u201cEl caso est\u00e1 pr\u00e1cticamente cerrado\u201d, confi\u00f3 un investigador, quien dijo que se re\u00fanen los elementos para requerir la elevaci\u00f3n a juicio de causa en tiempo r\u00e9cord.<\/p>\n<p>Por el hecho, Su\u00e1rez fue indagado el lunes \u00faltimo por el delito de \u00abHomicidio criminis causa agravado por el uso de arma de fuego\u00bb en perjuicio de Sabo, de 48 a\u00f1os, y tambi\u00e9n por \u00abrobo calificado -dos hechos-, hurto de veh\u00edculo, portaci\u00f3n ilegal de arma de fuego de uso civil, portaci\u00f3n ilegal de arma de guerra\u00bb, todo ello agravado por la \u00abparticipaci\u00f3n de un menor de edad\u00bb.<\/p>\n<p>\u201cPor favor, no me pidan la prisi\u00f3n perpetua. Me quiero morir\u201d, fueron las palabras que utiliz\u00f3 el acusado en su indagatoria ante el fiscal Medone.<\/p>\n<p>El mismo informante manifest\u00f3 que, tras negarse a seguir declarando, el juez de Garant\u00edas N\u00b0 5 local, Gustavo Banco, orden\u00f3 que el acusado siga formalmente detenido por todos esos delitos.<\/p>\n<p>A su vez, la jefa de todos los fiscales de La Matanza, la fiscal general Patricia Ochoa, indic\u00f3 que en la ficha de antecedentes de Su\u00e1rez figura una condena del Tribunal Oral en lo Criminal (TOC) N\u00b0 8 porte\u00f1o de cinco a\u00f1os y diez meses de prisi\u00f3n por un \u00abHurto con escalamiento en grado de tentativa y robo agravado por el uso de arma\u00bb, y que sali\u00f3 de la c\u00e1rcel con la \u00abpena cumplida\u00bb.<\/p>\n<p>En ese sentido, Su\u00e1rez ingres\u00f3 a una prisi\u00f3n del Servicio Penitenciario Federal (SPF), en Ezeiza, el 16 de noviembre de 2014 y egres\u00f3 el 13 de agosto de 2020.<\/p>\n<p>Al respecto, la fiscal Ochoa detall\u00f3 que en poder del acusado secuestraron una pistola 765 semiautom\u00e1tica con la \u00abnumeraci\u00f3n suprimida\u00bb y un rev\u00f3lver \u00cdtalo calibre 22, con el que se cree dispar\u00f3 contra el comerciante Sabo.<\/p>\n<p>Por su parte, la adolescente de 15 a\u00f1os aprehendida junto a Su\u00e1rez qued\u00f3 a disposici\u00f3n del fiscal Pablo Ins\u00faa, del Fuero de Responsabilidad Penal Juvenil del mismo Departamento Judicial.<\/p>\n<blockquote class=\"wp-embedded-content\" data-secret=\"bINvo5Be6n\"><p><a href=\"https:\/\/sectorprensa.com.ar\/asi-llegaron-los-delincuentes-que-mataron-al-kiosquero-en-ramos-mejia\/\">AS\u00cd LLEGARON LOS DELINCUENTES QUE MATARON AL KIOSQUERO EN RAMOS MEJ\u00cdA<\/a><\/p><\/blockquote>\n<p><iframe loading=\"lazy\" class=\"wp-embedded-content\" sandbox=\"allow-scripts\" security=\"restricted\" style=\"position: absolute; clip: rect(1px, 1px, 1px, 1px);\" title=\"&#8220;AS\u00cd LLEGARON LOS DELINCUENTES QUE MATARON AL KIOSQUERO EN RAMOS MEJ\u00cdA&#8221; &#8212; SECTOR PRENSA\" src=\"https:\/\/sectorprensa.com.ar\/asi-llegaron-los-delincuentes-que-mataron-al-kiosquero-en-ramos-mejia\/embed\/#?secret=bINvo5Be6n\" data-secret=\"bINvo5Be6n\" width=\"600\" height=\"338\" frameborder=\"0\" marginwidth=\"0\" marginheight=\"0\" scrolling=\"no\"><\/iframe><\/p>\n<p>A pedido del fiscal, el juez de garant\u00edas del Joven, Gustavo Indovino, dispuso que la chica quede alojada en el Centro de Admisi\u00f3n y Derivaci\u00f3n de J\u00f3venes de San Mart\u00edn como medida de seguridad ya que, por su edad, es inimputable y se le aplica un encierro preventivo por \u201ccuestiones de peligrosidad\u201d.<\/p>\n","protected":false},"excerpt":{"rendered":"<p>El kiosquero de Ramos Mej\u00eda falleci\u00f3 tras haber recibido los cuatro disparos. \u00abNo me pidan la prisi\u00f3n perpetua\u00bb, dijo el<\/p>\n","protected":false},"author":1,"featured_media":36755,"comment_status":"closed","ping_status":"open","sticky":false,"template":"","format":"standard","meta":{"colormag_page_container_layout":"default_layout","colormag_page_sidebar_layout":"default_layout","footnotes":""},"categories":[17,12],"tags":[291,5641,5624,767,40],"class_list":["post-36754","post","type-post","status-publish","format-standard","has-post-thumbnail","hentry","category-destacadas","category-policiales","tag-asesinato","tag-autopsia","tag-kiosquero","tag-la-matanza","tag-ramos-mejia"],"_links":{"self":[{"href":"https:\/\/sectorprensa.com.ar\/index.php?rest_route=\/wp\/v2\/posts\/36754","targetHints":{"allow":["GET"]}}],"collection":[{"href":"https:\/\/sectorprensa.com.ar\/index.php?rest_route=\/wp\/v2\/posts"}],"about":[{"href":"https:\/\/sectorprensa.com.ar\/index.php?rest_route=\/wp\/v2\/types\/post"}],"author":[{"embeddable":true,"href":"https:\/\/sectorprensa.com.ar\/index.php?rest_route=\/wp\/v2\/users\/1"}],"replies":[{"embeddable":true,"href":"https:\/\/sectorprensa.com.ar\/index.php?rest_route=%2Fwp%2Fv2%2Fcomments&post=36754"}],"version-history":[{"count":1,"href":"https:\/\/sectorprensa.com.ar\/index.php?rest_route=\/wp\/v2\/posts\/36754\/revisions"}],"predecessor-version":[{"id":36756,"href":"https:\/\/sectorprensa.com.ar\/index.php?rest_route=\/wp\/v2\/posts\/36754\/revisions\/36756"}],"wp:featuredmedia":[{"embeddable":true,"href":"https:\/\/sectorprensa.com.ar\/index.php?rest_route=\/wp\/v2\/media\/36755"}],"wp:attachment":[{"href":"https:\/\/sectorprensa.com.ar\/index.php?rest_route=%2Fwp%2Fv2%2Fmedia&parent=36754"}],"wp:term":[{"taxonomy":"category","embeddable":true,"href":"https:\/\/sectorprensa.com.ar\/index.php?rest_route=%2Fwp%2Fv2%2Fcategories&post=36754"},{"taxonomy":"post_tag","embeddable":true,"href":"https:\/\/sectorprensa.com.ar\/index.php?rest_route=%2Fwp%2Fv2%2Ftags&post=36754"}],"curies":[{"name":"wp","href":"https:\/\/api.w.org\/{rel}","templated":true}]}}