{"id":37072,"date":"2021-11-15T07:00:02","date_gmt":"2021-11-15T10:00:02","guid":{"rendered":"https:\/\/sectorprensa.com.ar\/?p=37072"},"modified":"2021-11-14T19:07:42","modified_gmt":"2021-11-14T22:07:42","slug":"ciudad-evita-cinco-delincuentes-les-robaron-el-auto-a-una-familia","status":"publish","type":"post","link":"https:\/\/sectorprensa.com.ar\/?p=37072","title":{"rendered":"CIUDAD EVITA: CINCO DELINCUENTES LES ROBARON EL AUTO A UNA FAMILIA"},"content":{"rendered":"<h6><strong>El hecho ocurri\u00f3 el s\u00e1bado a la noche frente a una vivienda ubicada en la calle Chile al 100. Los malvivientes escaparon.<\/strong><\/h6>\n<p><!--more--><\/p>\n<p>Al menos cinco delincuentes armados interceptaron a una familia que llegaba a su vivienda de la localidad bonaerense de Ciudad Evita y huyeron tras robarles el auto y varias pertenencias.<\/p>\n<p>El hecho se registr\u00f3 el s\u00e1bado a las 20.30 frente a una vivienda de la calle Chile al 100 de la mencionada localidad del partido de La Matanza.<\/p>\n<p>El hecho qued\u00f3 registrado en una c\u00e1mara de seguridad de la zona donde se observ\u00f3 como la familia, entre ellos un menor de edad, descend\u00edan de su veh\u00edculo, un Peugeot 208, cuando es interceptado por un Chevrolet Prisma color gris.<\/p>\n<p>Fue all\u00ed que al menos cinco delincuentes armados descendieron del rodado y amenazaron a los cuatro miembros de la familia, quienes le entregaron sus pertenencias. Los delincuentes r\u00e1pidamente huyeron con los dos veh\u00edculos sobre la calle El Jume.<\/p>\n<blockquote class=\"wp-embedded-content\" data-secret=\"3xzN19doKm\"><p><a href=\"https:\/\/sectorprensa.com.ar\/catan-dos-menores-muertos-y-otros-tres-detenidos-tras-tiroteo-con-la-policia\/\">CAT\u00c1N: DOS MENORES MUERTOS Y OTROS TRES DETENIDOS TRAS TIROTEO CON LA POLIC\u00cdA<\/a><\/p><\/blockquote>\n<p><iframe loading=\"lazy\" class=\"wp-embedded-content\" sandbox=\"allow-scripts\" security=\"restricted\" style=\"position: absolute; clip: rect(1px, 1px, 1px, 1px);\" title=\"&#8220;CAT\u00c1N: DOS MENORES MUERTOS Y OTROS TRES DETENIDOS TRAS TIROTEO CON LA POLIC\u00cdA&#8221; &#8212; SECTOR PRENSA\" src=\"https:\/\/sectorprensa.com.ar\/catan-dos-menores-muertos-y-otros-tres-detenidos-tras-tiroteo-con-la-policia\/embed\/#?secret=3xzN19doKm\" data-secret=\"3xzN19doKm\" width=\"600\" height=\"338\" frameborder=\"0\" marginwidth=\"0\" marginheight=\"0\" scrolling=\"no\"><\/iframe><\/p>\n<p>Efectivos de la comisar\u00eda 3ra de Ciudad Evita se encuentran abocados a la identificaci\u00f3n y b\u00fasqueda de los sospechosos. El hecho qued\u00f3 caratulado como \u00abrobo automotor\u00bb.<\/p>\n","protected":false},"excerpt":{"rendered":"<p>El hecho ocurri\u00f3 el s\u00e1bado a la noche frente a una vivienda ubicada en la calle Chile al 100. Los<\/p>\n","protected":false},"author":1,"featured_media":37073,"comment_status":"closed","ping_status":"open","sticky":false,"template":"","format":"standard","meta":{"colormag_page_container_layout":"default_layout","colormag_page_sidebar_layout":"default_layout","footnotes":""},"categories":[17,12],"tags":[3790,165,76,767,74],"class_list":["post-37072","post","type-post","status-publish","format-standard","has-post-thumbnail","hentry","category-destacadas","category-policiales","tag-ciudad-evita","tag-delincuentes","tag-inseguridad","tag-la-matanza","tag-robo"],"_links":{"self":[{"href":"https:\/\/sectorprensa.com.ar\/index.php?rest_route=\/wp\/v2\/posts\/37072","targetHints":{"allow":["GET"]}}],"collection":[{"href":"https:\/\/sectorprensa.com.ar\/index.php?rest_route=\/wp\/v2\/posts"}],"about":[{"href":"https:\/\/sectorprensa.com.ar\/index.php?rest_route=\/wp\/v2\/types\/post"}],"author":[{"embeddable":true,"href":"https:\/\/sectorprensa.com.ar\/index.php?rest_route=\/wp\/v2\/users\/1"}],"replies":[{"embeddable":true,"href":"https:\/\/sectorprensa.com.ar\/index.php?rest_route=%2Fwp%2Fv2%2Fcomments&post=37072"}],"version-history":[{"count":1,"href":"https:\/\/sectorprensa.com.ar\/index.php?rest_route=\/wp\/v2\/posts\/37072\/revisions"}],"predecessor-version":[{"id":37074,"href":"https:\/\/sectorprensa.com.ar\/index.php?rest_route=\/wp\/v2\/posts\/37072\/revisions\/37074"}],"wp:featuredmedia":[{"embeddable":true,"href":"https:\/\/sectorprensa.com.ar\/index.php?rest_route=\/wp\/v2\/media\/37073"}],"wp:attachment":[{"href":"https:\/\/sectorprensa.com.ar\/index.php?rest_route=%2Fwp%2Fv2%2Fmedia&parent=37072"}],"wp:term":[{"taxonomy":"category","embeddable":true,"href":"https:\/\/sectorprensa.com.ar\/index.php?rest_route=%2Fwp%2Fv2%2Fcategories&post=37072"},{"taxonomy":"post_tag","embeddable":true,"href":"https:\/\/sectorprensa.com.ar\/index.php?rest_route=%2Fwp%2Fv2%2Ftags&post=37072"}],"curies":[{"name":"wp","href":"https:\/\/api.w.org\/{rel}","templated":true}]}}