{"id":37256,"date":"2021-11-18T12:59:16","date_gmt":"2021-11-18T15:59:16","guid":{"rendered":"https:\/\/sectorprensa.com.ar\/?p=37256"},"modified":"2021-11-18T12:59:16","modified_gmt":"2021-11-18T15:59:16","slug":"elz-el-real-lanza-el-video-oficial-subi-de-nivel-junto-a-nengo-flow","status":"publish","type":"post","link":"https:\/\/sectorprensa.com.ar\/?p=37256","title":{"rendered":"ELZ EL REAL LANZA EL VIDEO OFICIAL \u201cSUBI DE NIVEL\u201d JUNTO A \u00d1ENGO FLOW"},"content":{"rendered":"<h6><strong>Luego de haber lanzado dos sencillos este a\u00f1o, Elz sorprende a sus fan\u00e1ticos y nos trae el video oficial de \u201cSubi de Nivel\u201d junto a \u00d1engo Flow. El video fue grabado en 2020 y lanzado en noviembre de este a\u00f1o<\/strong>.<\/h6>\n<p><!--more--><\/p>\n<p>Lo bueno se hizo esperar, y los fan\u00e1ticos no tardaron en expresarse en las redes sociales, felices de esta pieza musical cuente con su video oficial. El videoclip del tema fue filmado en la ciudad de Miami y estuvo a cargo del director Marlon Santini y editado por Jack9.<\/p>\n<p><iframe loading=\"lazy\" title=\"Elz x \u00d1engo Flow - Subi De Nivel (Video Official)\" width=\"800\" height=\"450\" src=\"https:\/\/www.youtube.com\/embed\/y9iQOf4-A6Y?feature=oembed\" frameborder=\"0\" allow=\"accelerometer; autoplay; clipboard-write; encrypted-media; gyroscope; picture-in-picture\" allowfullscreen><\/iframe><\/p>\n<p>El Real, como se le conoce en el g\u00e9nero, tuvo dos lanzamientos este a\u00f1o.<\/p>\n<p>El primero fue \u201cMe Supere\u201d junto a \u00d1ejo, el cual supero las 1.5 millones de reproducciones en YouTube, y el segundo sencillo fue con Ceky Viciny titulado \u201cDame Mi Banda\u201d.<\/p>\n<p>Elz comenzar\u00e1 con la promoci\u00f3n del video junto a \u00d1engo durante este mes, pero ya tiene preparado otro \u00e9xito para deleitar a sus fan\u00e1ticos. Una canci\u00f3n producida por el reconocido productor Maffio, la cual se estrenar\u00e1 muy pronto.<\/p>\n<p>Mientras que, en su agenda de shows, tiene una cita este pr\u00f3ximo 19 de diciembre en la ciudad de Cali, Colombia. Y pr\u00f3ximamente anunciar\u00e1 m\u00e1s shows en sus redes sociales.<\/p>\n<p><img loading=\"lazy\" decoding=\"async\" class=\"alignnone  wp-image-37260\" src=\"https:\/\/sectorprensa.com.ar\/wp-content\/uploads\/2021\/11\/vido-clip-1024x1024.jpg\" alt=\"\" width=\"496\" height=\"496\" srcset=\"https:\/\/sectorprensa.com.ar\/wp-content\/uploads\/2021\/11\/vido-clip-1024x1024.jpg 1024w, https:\/\/sectorprensa.com.ar\/wp-content\/uploads\/2021\/11\/vido-clip-300x300.jpg 300w, https:\/\/sectorprensa.com.ar\/wp-content\/uploads\/2021\/11\/vido-clip-150x150.jpg 150w, https:\/\/sectorprensa.com.ar\/wp-content\/uploads\/2021\/11\/vido-clip-768x768.jpg 768w, https:\/\/sectorprensa.com.ar\/wp-content\/uploads\/2021\/11\/vido-clip.jpg 1280w\" sizes=\"auto, (max-width: 496px) 100vw, 496px\" \/><\/p>\n<p><strong>Acerca de Elz El Real:<\/strong><\/p>\n<p>Luis Custodio, conocido p\u00fablicamente como \u201cElz El Real\u201d es un artista y compositor de m\u00fasica urbana. Sus letras r\u00e1pidas y complejas est\u00e1n garantizadas para convertirlo en una fuerza a tener en cuenta en el g\u00e9nero urbano latino.<\/p>\n<p>Elz se cri\u00f3 en Brooklyn, Nueva York, y cuando era adolescente se mud\u00f3 a Miami, FL.<\/p>\n<p>En la primera infancia, Elz ten\u00eda una pasi\u00f3n por el baloncesto y era un gran fan\u00e1tico del hip-hop Mogul y la leyenda Jay &#8211; Z. De hecho, Elz atribuye al \u00e1lbum \u201cReasonable Doubt\u201d de Jay-Z una de sus gu\u00edas de vida. Su originalidad, carisma y calidad musical son \u00fanicos.<\/p>\n<p>El 2021 marc\u00f3 una nueva etapa para Elz y comienza con fuerza con el lanzamiento de su primer sencillo \u00abMe Supere\u00bb con el favorito puertorrique\u00f1o \u00d1ejo \u00abEl Broko\u00bb. Entre los pr\u00f3ximos singles de seguimiento se encuentran colaboraciones con artistas de todo el mundo de la m\u00fasica latina e hip-hop.<\/p>\n","protected":false},"excerpt":{"rendered":"<p>Luego de haber lanzado dos sencillos este a\u00f1o, Elz sorprende a sus fan\u00e1ticos y nos trae el video oficial de<\/p>\n","protected":false},"author":1,"featured_media":37259,"comment_status":"closed","ping_status":"open","sticky":false,"template":"","format":"video","meta":{"colormag_page_container_layout":"default_layout","colormag_page_sidebar_layout":"default_layout","footnotes":""},"categories":[9],"tags":[5681,5682],"class_list":["post-37256","post","type-post","status-publish","format-video","has-post-thumbnail","hentry","category-cultura","tag-elz-el-real","tag-nengo-flow","post_format-post-format-video"],"_links":{"self":[{"href":"https:\/\/sectorprensa.com.ar\/index.php?rest_route=\/wp\/v2\/posts\/37256","targetHints":{"allow":["GET"]}}],"collection":[{"href":"https:\/\/sectorprensa.com.ar\/index.php?rest_route=\/wp\/v2\/posts"}],"about":[{"href":"https:\/\/sectorprensa.com.ar\/index.php?rest_route=\/wp\/v2\/types\/post"}],"author":[{"embeddable":true,"href":"https:\/\/sectorprensa.com.ar\/index.php?rest_route=\/wp\/v2\/users\/1"}],"replies":[{"embeddable":true,"href":"https:\/\/sectorprensa.com.ar\/index.php?rest_route=%2Fwp%2Fv2%2Fcomments&post=37256"}],"version-history":[{"count":1,"href":"https:\/\/sectorprensa.com.ar\/index.php?rest_route=\/wp\/v2\/posts\/37256\/revisions"}],"predecessor-version":[{"id":37261,"href":"https:\/\/sectorprensa.com.ar\/index.php?rest_route=\/wp\/v2\/posts\/37256\/revisions\/37261"}],"wp:featuredmedia":[{"embeddable":true,"href":"https:\/\/sectorprensa.com.ar\/index.php?rest_route=\/wp\/v2\/media\/37259"}],"wp:attachment":[{"href":"https:\/\/sectorprensa.com.ar\/index.php?rest_route=%2Fwp%2Fv2%2Fmedia&parent=37256"}],"wp:term":[{"taxonomy":"category","embeddable":true,"href":"https:\/\/sectorprensa.com.ar\/index.php?rest_route=%2Fwp%2Fv2%2Fcategories&post=37256"},{"taxonomy":"post_tag","embeddable":true,"href":"https:\/\/sectorprensa.com.ar\/index.php?rest_route=%2Fwp%2Fv2%2Ftags&post=37256"}],"curies":[{"name":"wp","href":"https:\/\/api.w.org\/{rel}","templated":true}]}}