{"id":37257,"date":"2021-11-18T13:36:55","date_gmt":"2021-11-18T16:36:55","guid":{"rendered":"https:\/\/sectorprensa.com.ar\/?p=37257"},"modified":"2021-11-18T13:38:05","modified_gmt":"2021-11-18T16:38:05","slug":"el-gobierno-nacional-abre-la-puerta-para-el-retorno-de-las-reelecciones-indefinidas","status":"publish","type":"post","link":"https:\/\/sectorprensa.com.ar\/?p=37257","title":{"rendered":"EL GOBIERNO NACIONAL ABRE LA PUERTA PARA EL RETORNO DE LAS REELECCIONES INDEFINIDAS"},"content":{"rendered":"<h6><strong>Gabriela Cerruti confirm\u00f3 que Alberto Fern\u00e1ndez tomar\u00e1 una decisi\u00f3n sobre la ley de reelecciones en la Provincia de Buenos Aires.<\/strong><\/h6>\n<p><!--more--><\/p>\n<p>Este jueves Gabriela Cerruti, la portavoz del gobierno nacional, brind\u00f3 una conferencia de prensa en la que habl\u00f3 diferentes temas relacionados a la post elecci\u00f3n. Uno de ellos fue la reelecci\u00f3n indefinida de los Intendentes bonaerenses, donde dio su respuesta.<\/p>\n<p>Cerruti blanque\u00f3 que Alberto Fern\u00e1ndez escuch\u00f3 y buscar\u00e1 una soluci\u00f3n que deje conformes a los jefes comunales, adem\u00e1s de garantizarles otro mandato, y que se est\u00e1 avanzando hacia eso. \u201cEs algo que est\u00e1n trabajando los intendentes. El Gobierno escucha y va a tomar una decisi\u00f3n en alg\u00fan momento\u201d, admiti\u00f3.<\/p>\n<p>De cara a lo que ser\u00e1n las elecciones de 2023, donde ya comenz\u00f3 la carrera, los Intendentes que llevan dos mandatos quieren retener su lugar y restituir las reelecciones indefinidas o, al menos, estirar su aplicaci\u00f3n.<\/p>\n<p>Cabe destacar, dentro de dos a\u00f1os culminar\u00e1n los dos mandatos de 96 de 135 jefes comunales y no podr\u00e1n ser reelectos. El motivos es la ley impuesta en la gesti\u00f3n de Mar\u00eda Eugenia Vidal, en conjunto con Sergio Massa.<\/p>\n<p>Seg\u00fan analizan, el gobierno nacional dar\u00eda lugar a revisar las reelecciones indefinidas al tener a Mart\u00edn Insaurralde como Jefe de Gabinete bonaerense, sumado a la remontada de votos lograda por los Intendentes del conurbano, que estar\u00edan presionando.<\/p>\n<p>Cerruti, dijo que\u00a0el Presidente mantuvo una cena en Olivos con los intendentes de la Primera y Tercera secci\u00f3n electoral bonaerense, junto a funcionarios nacionales y de la provincia de Buenos Aires para agradecerles el trabajo enorme que hicieron durante la campa\u00f1a.<\/p>\n<p>Mientras se avanza en definir este tema, habr\u00eda un acuerdo avanzado para que haya un fallo judicial que lleve a una soluci\u00f3n y bloquee la retroactividad de la ley sancionada por la Legislatura bonaerense.<\/p>\n<blockquote class=\"wp-embedded-content\" data-secret=\"V3RjNStftm\"><p><a href=\"https:\/\/sectorprensa.com.ar\/provincia-alberto-fernandez-y-martin-insaurralde-mantuvieron-una-reunion\/\">PROVINCIA: ALBERTO FERN\u00c1NDEZ Y MART\u00cdN INSAURRALDE MANTUVIERON UNA REUNI\u00d3N<\/a><\/p><\/blockquote>\n<p><iframe loading=\"lazy\" class=\"wp-embedded-content\" sandbox=\"allow-scripts\" security=\"restricted\" style=\"position: absolute; clip: rect(1px, 1px, 1px, 1px);\" title=\"&#8220;PROVINCIA: ALBERTO FERN\u00c1NDEZ Y MART\u00cdN INSAURRALDE MANTUVIERON UNA REUNI\u00d3N&#8221; &#8212; SECTOR PRENSA\" src=\"https:\/\/sectorprensa.com.ar\/provincia-alberto-fernandez-y-martin-insaurralde-mantuvieron-una-reunion\/embed\/#?secret=V3RjNStftm\" data-secret=\"V3RjNStftm\" width=\"600\" height=\"338\" frameborder=\"0\" marginwidth=\"0\" marginheight=\"0\" scrolling=\"no\"><\/iframe><\/p>\n","protected":false},"excerpt":{"rendered":"<p>Gabriela Cerruti confirm\u00f3 que Alberto Fern\u00e1ndez tomar\u00e1 una decisi\u00f3n sobre la ley de reelecciones en la Provincia de Buenos Aires.<\/p>\n","protected":false},"author":1,"featured_media":37258,"comment_status":"closed","ping_status":"open","sticky":false,"template":"","format":"standard","meta":{"colormag_page_container_layout":"default_layout","colormag_page_sidebar_layout":"default_layout","footnotes":""},"categories":[17,8],"tags":[3030,5651],"class_list":["post-37257","post","type-post","status-publish","format-standard","has-post-thumbnail","hentry","category-destacadas","category-politica","tag-alberto-fernandez","tag-gabriela-cerruti"],"_links":{"self":[{"href":"https:\/\/sectorprensa.com.ar\/index.php?rest_route=\/wp\/v2\/posts\/37257","targetHints":{"allow":["GET"]}}],"collection":[{"href":"https:\/\/sectorprensa.com.ar\/index.php?rest_route=\/wp\/v2\/posts"}],"about":[{"href":"https:\/\/sectorprensa.com.ar\/index.php?rest_route=\/wp\/v2\/types\/post"}],"author":[{"embeddable":true,"href":"https:\/\/sectorprensa.com.ar\/index.php?rest_route=\/wp\/v2\/users\/1"}],"replies":[{"embeddable":true,"href":"https:\/\/sectorprensa.com.ar\/index.php?rest_route=%2Fwp%2Fv2%2Fcomments&post=37257"}],"version-history":[{"count":2,"href":"https:\/\/sectorprensa.com.ar\/index.php?rest_route=\/wp\/v2\/posts\/37257\/revisions"}],"predecessor-version":[{"id":37263,"href":"https:\/\/sectorprensa.com.ar\/index.php?rest_route=\/wp\/v2\/posts\/37257\/revisions\/37263"}],"wp:featuredmedia":[{"embeddable":true,"href":"https:\/\/sectorprensa.com.ar\/index.php?rest_route=\/wp\/v2\/media\/37258"}],"wp:attachment":[{"href":"https:\/\/sectorprensa.com.ar\/index.php?rest_route=%2Fwp%2Fv2%2Fmedia&parent=37257"}],"wp:term":[{"taxonomy":"category","embeddable":true,"href":"https:\/\/sectorprensa.com.ar\/index.php?rest_route=%2Fwp%2Fv2%2Fcategories&post=37257"},{"taxonomy":"post_tag","embeddable":true,"href":"https:\/\/sectorprensa.com.ar\/index.php?rest_route=%2Fwp%2Fv2%2Ftags&post=37257"}],"curies":[{"name":"wp","href":"https:\/\/api.w.org\/{rel}","templated":true}]}}