{"id":37289,"date":"2021-11-19T09:20:18","date_gmt":"2021-11-19T12:20:18","guid":{"rendered":"https:\/\/sectorprensa.com.ar\/?p=37289"},"modified":"2021-11-19T10:20:21","modified_gmt":"2021-11-19T13:20:21","slug":"general-rodriguez-bomberos-le-salvaron-la-vida-a-dos-empleados","status":"publish","type":"post","link":"https:\/\/sectorprensa.com.ar\/?p=37289","title":{"rendered":"GENERAL RODR\u00cdGUEZ: BOMBEROS LE SALVARON LA VIDA A DOS EMPLEADOS"},"content":{"rendered":"<h6><strong>Ocurri\u00f3 el mi\u00e9rcoles pasado en la ruta 6, cuando los bomberos ayudaron a dos trabajadores que se encontraban en la altura.<\/strong><\/h6>\n<p><!--more--><\/p>\n<p>Un rescate ocurri\u00f3 en la tarde del mi\u00e9rcoles pasado en un predio del kil\u00f3metro 142 de la Ruta 6, en General Rodr\u00edguez.<\/p>\n<p>All\u00ed, los Bomberos de General Rodr\u00edguez arribaron tras un aviso alrededor de las 13.10 horas donde les alertaban de un episodio que requerir\u00eda un rescate en altura.<\/p>\n<p>Al llegar pudieron comprobar que dos empleados se hallaban en la canastilla del brazo extendido de una hidrogr\u00faa, a 20 metros de altura. Se encontraban podando un \u00e1rbol y el brazo se hab\u00eda trabado tras romperse las mangueras hidr\u00e1ulicas del mismo.<\/p>\n<p>Se solicit\u00f3 la presencia de los especialistas en rescate con cuerdas de los Bomberos locales y se pidi\u00f3 colaboraci\u00f3n al cuartel de Luj\u00e1n.<\/p>\n<p>Cuando lleg\u00f3 al lugar el m\u00f3vil 25 hidrogr\u00faa de Luj\u00e1n, a cargo del Subayudante Lucas Ferreti, se comenz\u00f3 con las tareas para poder realizar el rescate de las dos personas, que termin\u00f3 siendo exitoso.<\/p>\n<p>En el hecho tambi\u00e9n trabajaron los m\u00f3viles 10 y 15 de Bomberos y Defensa Civil.<\/p>\n<blockquote class=\"wp-embedded-content\" data-secret=\"rS4D5VMNC6\"><p><a href=\"https:\/\/sectorprensa.com.ar\/bomberos-de-merlo-atendieron-a-nina-de-3-anos-que-estaba-inconsciente\/\">BOMBEROS DE MERLO ATENDIERON A NI\u00d1A DE 3 A\u00d1OS QUE ESTABA INCONSCIENTE<\/a><\/p><\/blockquote>\n<p><iframe loading=\"lazy\" class=\"wp-embedded-content\" sandbox=\"allow-scripts\" security=\"restricted\" style=\"position: absolute; clip: rect(1px, 1px, 1px, 1px);\" title=\"&#8220;BOMBEROS DE MERLO ATENDIERON A NI\u00d1A DE 3 A\u00d1OS QUE ESTABA INCONSCIENTE&#8221; &#8212; SECTOR PRENSA\" src=\"https:\/\/sectorprensa.com.ar\/bomberos-de-merlo-atendieron-a-nina-de-3-anos-que-estaba-inconsciente\/embed\/#?secret=rS4D5VMNC6\" data-secret=\"rS4D5VMNC6\" width=\"600\" height=\"338\" frameborder=\"0\" marginwidth=\"0\" marginheight=\"0\" scrolling=\"no\"><\/iframe><\/p>\n","protected":false},"excerpt":{"rendered":"<p>Ocurri\u00f3 el mi\u00e9rcoles pasado en la ruta 6, cuando los bomberos ayudaron a dos trabajadores que se encontraban en la<\/p>\n","protected":false},"author":1,"featured_media":37293,"comment_status":"closed","ping_status":"open","sticky":false,"template":"","format":"standard","meta":{"colormag_page_container_layout":"default_layout","colormag_page_sidebar_layout":"default_layout","footnotes":""},"categories":[17,4396,10],"tags":[185,2164,3189,5580],"class_list":["post-37289","post","type-post","status-publish","format-standard","has-post-thumbnail","hentry","category-destacadas","category-gral-rodriguez","category-sociedad","tag-bomberos","tag-general-rodriguez","tag-rescate","tag-ruta-6"],"_links":{"self":[{"href":"https:\/\/sectorprensa.com.ar\/index.php?rest_route=\/wp\/v2\/posts\/37289","targetHints":{"allow":["GET"]}}],"collection":[{"href":"https:\/\/sectorprensa.com.ar\/index.php?rest_route=\/wp\/v2\/posts"}],"about":[{"href":"https:\/\/sectorprensa.com.ar\/index.php?rest_route=\/wp\/v2\/types\/post"}],"author":[{"embeddable":true,"href":"https:\/\/sectorprensa.com.ar\/index.php?rest_route=\/wp\/v2\/users\/1"}],"replies":[{"embeddable":true,"href":"https:\/\/sectorprensa.com.ar\/index.php?rest_route=%2Fwp%2Fv2%2Fcomments&post=37289"}],"version-history":[{"count":1,"href":"https:\/\/sectorprensa.com.ar\/index.php?rest_route=\/wp\/v2\/posts\/37289\/revisions"}],"predecessor-version":[{"id":37294,"href":"https:\/\/sectorprensa.com.ar\/index.php?rest_route=\/wp\/v2\/posts\/37289\/revisions\/37294"}],"wp:featuredmedia":[{"embeddable":true,"href":"https:\/\/sectorprensa.com.ar\/index.php?rest_route=\/wp\/v2\/media\/37293"}],"wp:attachment":[{"href":"https:\/\/sectorprensa.com.ar\/index.php?rest_route=%2Fwp%2Fv2%2Fmedia&parent=37289"}],"wp:term":[{"taxonomy":"category","embeddable":true,"href":"https:\/\/sectorprensa.com.ar\/index.php?rest_route=%2Fwp%2Fv2%2Fcategories&post=37289"},{"taxonomy":"post_tag","embeddable":true,"href":"https:\/\/sectorprensa.com.ar\/index.php?rest_route=%2Fwp%2Fv2%2Ftags&post=37289"}],"curies":[{"name":"wp","href":"https:\/\/api.w.org\/{rel}","templated":true}]}}