{"id":37793,"date":"2021-11-30T15:11:39","date_gmt":"2021-11-30T18:11:39","guid":{"rendered":"https:\/\/sectorprensa.com.ar\/?p=37793"},"modified":"2021-11-30T15:11:39","modified_gmt":"2021-11-30T18:11:39","slug":"moron-refuerzan-la-seguridad-aeronautica","status":"publish","type":"post","link":"https:\/\/sectorprensa.com.ar\/?p=37793","title":{"rendered":"MOR\u00d3N: REFUERZAN LA SEGURIDAD AERON\u00c1UTICA"},"content":{"rendered":"<h6><strong>El Gobierno local suscribi\u00f3 un convenio con la Junta de Seguridad en el Transporte para fortalecer el Parque Industrial Aeron\u00e1utico en Mor\u00f3n.<\/strong><\/h6>\n<p><!--more--><\/p>\n<p>El intendente de Mor\u00f3n Lucas Ghi y el presidente de la Junta de Seguridad en el Transporte (JST), Juli\u00e1n Obaid, firmaron un convenio de cooperaci\u00f3n y asistencia t\u00e9cnica. La medida permitir\u00e1 impulsar y fortalecer la seguridad del transporte aeron\u00e1utico en el distrito.<\/p>\n<p>El acuerdo tiene como objetivo el trabajo en conjunto entre el Parque Industrial Aeron\u00e1utico en Mor\u00f3n (PITAM) y la JST. El convenio estipula la realizaci\u00f3n de actividades conjuntas como capacitaciones, investigaciones para el fortalecimiento de ambas instituciones, intercambio de informaci\u00f3n y asesoramiento t\u00e9cnico rec\u00edproco, entre otras medidas.<\/p>\n<p>De la reuni\u00f3n tambi\u00e9n participaron el presidente de Global Jet y director general de Log\u00edstica de la Naci\u00f3n, Leonardo Barone; el director de Relaciones Institucionales de JST, Hilario Lagos; el secretario de Planificaci\u00f3n Estrat\u00e9gica, Pablo Itzcovich; y la presidenta de la Sociedad An\u00f3nima con Participaci\u00f3n Estatal Mayoritaria (SAPEM), Leticia Villanueva.<\/p>\n<blockquote class=\"wp-embedded-content\" data-secret=\"5t6iFsBdrv\"><p><a href=\"https:\/\/sectorprensa.com.ar\/moron-tu-barrio-con-vos-el-martes-ultima-jornada-en-barrio-sere\/\">MOR\u00d3N: \u201cTU BARRIO CON VOS\u201d, EL MARTES \u00daLTIMA JORNADA EN BARRIO SER\u00c9<\/a><\/p><\/blockquote>\n<p><iframe loading=\"lazy\" class=\"wp-embedded-content\" sandbox=\"allow-scripts\" security=\"restricted\" style=\"position: absolute; clip: rect(1px, 1px, 1px, 1px);\" title=\"&#8220;MOR\u00d3N: \u201cTU BARRIO CON VOS\u201d, EL MARTES \u00daLTIMA JORNADA EN BARRIO SER\u00c9&#8221; &#8212; SECTOR PRENSA\" src=\"https:\/\/sectorprensa.com.ar\/moron-tu-barrio-con-vos-el-martes-ultima-jornada-en-barrio-sere\/embed\/#?secret=5t6iFsBdrv\" data-secret=\"5t6iFsBdrv\" width=\"600\" height=\"338\" frameborder=\"0\" marginwidth=\"0\" marginheight=\"0\" scrolling=\"no\"><\/iframe><\/p>\n","protected":false},"excerpt":{"rendered":"<p>El Gobierno local suscribi\u00f3 un convenio con la Junta de Seguridad en el Transporte para fortalecer el Parque Industrial Aeron\u00e1utico<\/p>\n","protected":false},"author":1,"featured_media":37794,"comment_status":"closed","ping_status":"open","sticky":false,"template":"","format":"standard","meta":{"colormag_page_container_layout":"default_layout","colormag_page_sidebar_layout":"default_layout","footnotes":""},"categories":[17,5,1173],"tags":[5761,19,196],"class_list":["post-37793","post","type-post","status-publish","format-standard","has-post-thumbnail","hentry","category-destacadas","category-moron","category-municipales","tag-aeronautica","tag-moron","tag-seguridad"],"_links":{"self":[{"href":"https:\/\/sectorprensa.com.ar\/index.php?rest_route=\/wp\/v2\/posts\/37793","targetHints":{"allow":["GET"]}}],"collection":[{"href":"https:\/\/sectorprensa.com.ar\/index.php?rest_route=\/wp\/v2\/posts"}],"about":[{"href":"https:\/\/sectorprensa.com.ar\/index.php?rest_route=\/wp\/v2\/types\/post"}],"author":[{"embeddable":true,"href":"https:\/\/sectorprensa.com.ar\/index.php?rest_route=\/wp\/v2\/users\/1"}],"replies":[{"embeddable":true,"href":"https:\/\/sectorprensa.com.ar\/index.php?rest_route=%2Fwp%2Fv2%2Fcomments&post=37793"}],"version-history":[{"count":1,"href":"https:\/\/sectorprensa.com.ar\/index.php?rest_route=\/wp\/v2\/posts\/37793\/revisions"}],"predecessor-version":[{"id":37795,"href":"https:\/\/sectorprensa.com.ar\/index.php?rest_route=\/wp\/v2\/posts\/37793\/revisions\/37795"}],"wp:featuredmedia":[{"embeddable":true,"href":"https:\/\/sectorprensa.com.ar\/index.php?rest_route=\/wp\/v2\/media\/37794"}],"wp:attachment":[{"href":"https:\/\/sectorprensa.com.ar\/index.php?rest_route=%2Fwp%2Fv2%2Fmedia&parent=37793"}],"wp:term":[{"taxonomy":"category","embeddable":true,"href":"https:\/\/sectorprensa.com.ar\/index.php?rest_route=%2Fwp%2Fv2%2Fcategories&post=37793"},{"taxonomy":"post_tag","embeddable":true,"href":"https:\/\/sectorprensa.com.ar\/index.php?rest_route=%2Fwp%2Fv2%2Ftags&post=37793"}],"curies":[{"name":"wp","href":"https:\/\/api.w.org\/{rel}","templated":true}]}}