{"id":37876,"date":"2021-12-02T17:28:30","date_gmt":"2021-12-02T20:28:30","guid":{"rendered":"https:\/\/sectorprensa.com.ar\/?p=37876"},"modified":"2022-02-15T01:26:25","modified_gmt":"2022-02-15T04:26:25","slug":"deportivo-merlo-se-van-varios-referentes","status":"publish","type":"post","link":"https:\/\/sectorprensa.com.ar\/?p=37876","title":{"rendered":"DEPORTIVO MERLO: SE VAN VARIOS REFERENTES"},"content":{"rendered":"<h6><strong>El Charro sufri\u00f3 varias bajas importantes de cara a la pr\u00f3xima temporada de la B Metro. Conoc\u00e9 quienes dejan el club.<\/strong><\/h6>\n<p><!--more--><\/p>\n<p>Deportivo Merlo se prepara para lo que viene en la B Metro y piensa en el armado del equipo. Sin embargo, en las \u00faltimas horas sufri\u00f3 nuevas bajas, y muchos de ellos son referentes de la instituci\u00f3n. Repasamos los nombres que se suman a la lista.<\/p>\n<p>Uno de los referentes que no continuar\u00e1 en el Charro, de los que lograron el ascenso de la Primera C a la Primera B Metropolitana, es Guillermo Ojeda (foto). El volante hab\u00eda llegado en 2017, disput\u00f3 un total de 121 partidos.<\/p>\n<p>Otro de los nombres que se agrega es el de Federico Tursi, parte tambi\u00e9n del ascenso a la tercera divisi\u00f3n. El arquero dio sus primeros pasos en el arco en 2016, all\u00ed se mantuvo durante 129 cotejos.<\/p>\n<p>Franco Ben\u00edtez, una de las figuras en la mitad de la cancha, buscar\u00e1 un nuevo destino. El mediocampista cont\u00f3 con dos ciclos en el conjunto de Parque San Mart\u00edn, uno de 2016 a 2018 y el \u00faltimo de 2020 hasta hoy. En total, jug\u00f3 123 encuentros.<\/p>\n<p>Otras salidas en el equipo de Leonel Garc\u00eda son: el arquero Hugo Acevedo, el defensor Roberto Floris, el volante Sebasti\u00e1n Rusculleda y el delantero Marcelo Bechen.<\/p>\n<p>Por otra parte, Leonel Garc\u00eda habl\u00f3 con Sector Prensa y dej\u00f3 en claro su intenci\u00f3n de que Mauro Paj\u00f3n siga vistiendo la camiseta de Deportivo Merlo. \u00abLe manifestamos a la dirigencia nuestra intenci\u00f3n, hoy iban a arreglar su continuidad\u00bb, dijo el DT.<\/p>\n<blockquote class=\"wp-embedded-content\" data-secret=\"Rlrgl2Cp8M\"><p><a href=\"https:\/\/sectorprensa.com.ar\/deportivo-merlo-tres-bajas-confirmadas\/\">DEPORTIVO MERLO: TRES BAJAS CONFIRMADAS<\/a><\/p><\/blockquote>\n<p><iframe loading=\"lazy\" class=\"wp-embedded-content\" sandbox=\"allow-scripts\" security=\"restricted\" style=\"position: absolute; clip: rect(1px, 1px, 1px, 1px);\" title=\"&#8220;DEPORTIVO MERLO: TRES BAJAS CONFIRMADAS&#8221; &#8212; SECTOR PRENSA\" src=\"https:\/\/sectorprensa.com.ar\/deportivo-merlo-tres-bajas-confirmadas\/embed\/#?secret=Rlrgl2Cp8M\" data-secret=\"Rlrgl2Cp8M\" width=\"600\" height=\"338\" frameborder=\"0\" marginwidth=\"0\" marginheight=\"0\" scrolling=\"no\"><\/iframe><\/p>\n","protected":false},"excerpt":{"rendered":"<p>El Charro sufri\u00f3 varias bajas importantes de cara a la pr\u00f3xima temporada de la B Metro. Conoc\u00e9 quienes dejan el<\/p>\n","protected":false},"author":1,"featured_media":37889,"comment_status":"closed","ping_status":"open","sticky":false,"template":"","format":"standard","meta":{"colormag_page_container_layout":"default_layout","colormag_page_sidebar_layout":"default_layout","footnotes":""},"categories":[11],"tags":[5147,154,5776,5766],"class_list":["post-37876","post","type-post","status-publish","format-standard","has-post-thumbnail","hentry","category-deportes","tag-b-metro","tag-deportivo-merlo","tag-guillermo-ojeda","tag-mercado-de-pases"],"_links":{"self":[{"href":"https:\/\/sectorprensa.com.ar\/index.php?rest_route=\/wp\/v2\/posts\/37876","targetHints":{"allow":["GET"]}}],"collection":[{"href":"https:\/\/sectorprensa.com.ar\/index.php?rest_route=\/wp\/v2\/posts"}],"about":[{"href":"https:\/\/sectorprensa.com.ar\/index.php?rest_route=\/wp\/v2\/types\/post"}],"author":[{"embeddable":true,"href":"https:\/\/sectorprensa.com.ar\/index.php?rest_route=\/wp\/v2\/users\/1"}],"replies":[{"embeddable":true,"href":"https:\/\/sectorprensa.com.ar\/index.php?rest_route=%2Fwp%2Fv2%2Fcomments&post=37876"}],"version-history":[{"count":3,"href":"https:\/\/sectorprensa.com.ar\/index.php?rest_route=\/wp\/v2\/posts\/37876\/revisions"}],"predecessor-version":[{"id":40395,"href":"https:\/\/sectorprensa.com.ar\/index.php?rest_route=\/wp\/v2\/posts\/37876\/revisions\/40395"}],"wp:featuredmedia":[{"embeddable":true,"href":"https:\/\/sectorprensa.com.ar\/index.php?rest_route=\/wp\/v2\/media\/37889"}],"wp:attachment":[{"href":"https:\/\/sectorprensa.com.ar\/index.php?rest_route=%2Fwp%2Fv2%2Fmedia&parent=37876"}],"wp:term":[{"taxonomy":"category","embeddable":true,"href":"https:\/\/sectorprensa.com.ar\/index.php?rest_route=%2Fwp%2Fv2%2Fcategories&post=37876"},{"taxonomy":"post_tag","embeddable":true,"href":"https:\/\/sectorprensa.com.ar\/index.php?rest_route=%2Fwp%2Fv2%2Ftags&post=37876"}],"curies":[{"name":"wp","href":"https:\/\/api.w.org\/{rel}","templated":true}]}}