{"id":38247,"date":"2021-12-10T16:12:03","date_gmt":"2021-12-10T19:12:03","guid":{"rendered":"https:\/\/sectorprensa.com.ar\/?p=38247"},"modified":"2021-12-12T18:23:09","modified_gmt":"2021-12-12T21:23:09","slug":"moreno-propuestas-turisticas-y-culturales-para-este-fin-de-semana","status":"publish","type":"post","link":"https:\/\/sectorprensa.com.ar\/?p=38247","title":{"rendered":"MORENO: PROPUESTAS TUR\u00cdSTICAS Y CULTURALES PARA ESTE FIN DE SEMANA"},"content":{"rendered":"<h6><strong>Hay una variedad de actividades para realizar en Los Robles y ofertas culturales en el Teatro Marechal y otros espacios municipales.<\/strong><\/h6>\n<p><!--more--><\/p>\n<p>Para este fin de semana, el Municipio invita a las y los morenenses, como as\u00ed tambi\u00e9n a vecinas y vecinos de otros distritos, a visitar Moreno y disfrutar de las propuestas tur\u00edsticas y culturales.<\/p>\n<p><strong>Reserva Natural Municipal \u201cLos Robles\u201d<\/strong><\/p>\n<p>Uno de los mayores atractivos es la Reserva Natural Municipal \u201cLos Robles\u201d. Una excelente alternativa para compartir en familia y disfrutar las bondades de este espacio natural.<\/p>\n<p>El s\u00e1bado 11, se podr\u00e1 disfrutar a las 10 horas de yoga para todas las edades; desde las 12 horas feria artesanal; a las 13 horas Sabores Populares: picadas m\u00e1s m\u00fasica en vivo; a las 14 horas actividades recreativas y deportivas y a la misma hora Sanaci\u00f3n Popular en contacto con la naturaleza en la biblioteca; a las 15.30 horas yoga para las infancias; a las 16 horas Caminata guiada por los Senderos del Museo Mu\u00f1iz y a las 17 horas Clase abierta de trabajo corporal en la biblioteca. Adem\u00e1s, se podr\u00e1 disfrutar de la actividad\u00a0<strong>MUSICA DEL MUNDO<\/strong>\u00a0<strong>por Adriana Betel\u00fa y Tochi Robles<\/strong>, a las 16 horas, en la Caba\u00f1a Abuelos en el marco de\u00a0<strong>Sabores Populares<\/strong>\u00a0en donde desde las 13 y hasta las 19 horas se podr\u00e1 compartir en familia de una\u00a0<strong>nueva edici\u00f3n de PICADAS<\/strong>, una propuesta gastron\u00f3mica de calidad impulsada desde la econom\u00eda popular, a cargo de\u00a0Fernando Rodr\u00edguez Cardozo, productor de las picadas y due\u00f1o del emprendimiento \u201cAtole\u201d pensado para degustar de fiambres, quesos y pastas de vegetales de estaci\u00f3n y que incluye la opci\u00f3n vegetariana y vegana. Tambi\u00e9n estar\u00e1 Christian Lazarte, productor local de una exquisita cerveza artesanal, su emprendimiento se llama \u201cKalewala\u201d y tambi\u00e9n habr\u00e1 jugos naturales y postre. Para poder inscribirse ingrese aqu\u00ed: <strong>https:\/\/linktr.ee\/Turismo_Moreno<\/strong><\/p>\n<p>El Sendero del Museo Mu\u00f1iz es el m\u00e1s extenso del \u00e1rea natural protegida \u201cDique Roggero\u201d, all\u00ed hay impresionantes puntos de avistaje del Lago San Francisco, desde donde pueden verse diferentes especies de aves y atardeceres deslumbrantes. El sendero Mu\u00f1iz cuenta adem\u00e1s con un atractivo especial: en algunos tramos se interna en zonas de pastizal y espinal, dos relictos de ambientes que conservan flora y fauna aut\u00f3ctona, muy dif\u00edciles de encontrar en otras partes de Buenos Aires. No hay que olvidar llevar repelente y agua, y evitar contaminar.<\/p>\n<p>Por otra parte, el domingo 12, desde las 12 horas, habr\u00e1 una feria artesanal; a las 16 horas yoga para todas las edades; y a la misma hora se podr\u00e1 disfrutar de una caminata guiada por el Sendero del bosque. Asimismo, desde las 12 y hasta las 17 horas se realizar\u00e1 el\u00a0<strong>Festival Encuentro Consciente MORENO ZEN<\/strong>, con una gama de actividades: en el escenario se presentaran: a las 11.30 de Meditaci\u00f3n en la Unidad y el Amor con Ana Barbero; de 12 a 12.30 horas se presenta el D\u00fao Onirika de Emiliano Tenzi y Yanela Taoi; de 12.40\u00a0 a 13 horas Mantras con Ramon Sosa; de 13.10 a 13.30 horas M\u00fasica de India; de 13.40\u00a0 a 14 horas M\u00fasica Medicina; de 14.10 a 14.10 M\u00fasica con Arpa El\u00e9ctrica; de 14.50 a 15.35 Danza de Integraci\u00f3n Conciencia Solar; de 16.45 a 17.15 horas Dhas Melod\u00edas Devocionales Mantras y Kirtan; de 17.30 a 18.30 horas Yoga Nidra. Tambi\u00e9n podr\u00e1n participar de las charlas en la Caba\u00f1a de los Abuelos: de 12. A 12.30 horas Taller de Astrolog\u00eda B\u00e1sica; de 21.45 a 13.15 horas C\u00f3digos de Ori\u00f3n; de 13.30 a 14 horas Primeros pasos de la Meditaci\u00f3n y sus efectos; de 14.15 a 15 horas Introducci\u00f3n al Ayurveda; de 15.15 a 15.45 horas Sexualidad y comunicaci\u00f3n entre padres e hijos; de 16 a 16.30 horas Sangita Yoga. Entre tanto, en el Sector I brindaran charlas y talleres sobre Liberaci\u00f3n Emocional; a las 13 horas Bio Danza; a las 14 horas Proyecto Samadhi; a las 15 horas clases de yoga y a las 16 horas m\u00fasica ac\u00fastica. En el Sector II a las 12.15 horas Alquimia Femenina Arquet\u00edpica; a las 13 horas M\u00fasica Medicina; a las 14 horas Armonizaci\u00f3n con sonidos ancestrales; a las 15 horas Yoga y alineaci\u00f3n de chakras y a las 16 horas Acrobacia a\u00e9rea en telas.<\/p>\n<p>Para visitar la Reserva no hace falta inscripci\u00f3n previa, las visitas son por orden de llegada hasta completar la capacidad del lugar. El Municipio invita a disfrutar con conciencia este hermoso refugio de vida y naturaleza.<\/p>\n<p>Para llegar en transporte p\u00fablico, est\u00e1 el recorrido 26 de La Perlita, cartel \u201cLos Robles\u201d. Horarios desde Moreno: 7.30 horas y 12.30 horas; y el regreso desde Los Robles es a las 13 horas. y a las 18 horas. La tarifa de ingreso es de $ 50 para personas que viven en Moreno; de $ 160 para el p\u00fablico en general, y menores y jubilados no abonan. El estacionamiento tiene un valor de $ 50 para motos; de $ 100 para autos y de $ 150 para combis.<\/p>\n<p><strong>Teatro municipal Leopoldo Marechal<\/strong><\/p>\n<p>Por otra parte, en el Teatro municipal Leopoldo Marechal, habr\u00e1 funci\u00f3n presencial. El viernes 10 de diciembre, a las 21 horas se presenta\u00a0la<strong>\u00a0obra teatral \u201cLA MISMA\u201d,<\/strong>\u00a0de Nina Ferrari<strong>,\u00a0<\/strong>una<strong>\u00a0<\/strong>obra que nos sumerge en el mundo femenino. Seis mujeres sobrevivientes que muestran sus cicatrices.<\/p>\n<p>Las entradas se retiran una hora antes de los espect\u00e1culos en el mismo Teatro, ubicado en Asconap\u00e9 85. Durante la pandemia, este edificio hist\u00f3rico fue acondicionado para que artistas y espectadores puedan contar con las comodidades necesarias para disfrutar de los mejores espect\u00e1culos. Se recuper\u00f3 la planta de luces, se dispuso un espacio en las gradas para personas con discapacidad y se realiz\u00f3 la ampliaci\u00f3n y mejora edilicia de la sala reciclando gran parte del material.<\/p>\n<p><strong>M\u00e1s actividades culturales, Dia del Tango y Fiesta de la Virgen de Guadalupe<\/strong><\/p>\n<p>La Secretar\u00eda de Cultura, Educaci\u00f3n y Deportes, tambi\u00e9n ofrece actividades para toda la familia. El viernes 10 de diciembre, de 8 a 16 horas, contin\u00faa la visita a la\u00a0<strong>muestra pict\u00f3rica \u201cNellie de Curia\u201d<\/strong>, que realiza la Subsecretar\u00eda de Cultura junto a la Asociaci\u00f3n Amigos del Museo Municipal de Bellas Artes \u00abManuel Belgrano\u00bb ubicado en la calle Doctor Vera 249.<\/p>\n<p>El s\u00e1bado 11 de diciembre, a las 18 horas, se inaugura en el Museo Municipal de Bellas Artes \u201cManuel Belgrano\u201d, ubicado en Doctor Alberto Vera 249,\u00a0<strong>la muestra \u201c\u00c1rbol Fuerte en Moreno\u201d<\/strong>, es un monte art\u00edstico donde la naturaleza se expresa susurrantemente firme, para invitarnos a reconectar con nuestra ancestralidad. Es un encuentro de performance colectiva que estar\u00e1 abierta hasta el 12 de diciembre y se puede visitar de lunes a viernes de 10 a 15 horas.<\/p>\n<p>Tambi\u00e9n se podr\u00e1 disfrutar de la\u00a0<strong>Feria de Artesanos del Museo Amancio Alcorta<\/strong>, junto a toda la familia\u00a0de 15 a 22 horas, en donde se festejar\u00e1 el \u201c<strong>D\u00eda del Tango\u201d\u00a0<\/strong>con milonga en el patio del museo desde las 20 horas.<\/p>\n<p>Por otra parte, se realizar\u00e1 el\u00a0<strong>Concurso Gamer ARKADIA MORENO<\/strong>, desde las 12 horas, en la Casa de la Cultura ubicada en Doctor Vera 247. Se trata de un torneo rel\u00e1mpago de Marvel vs Capcom 2 para Playstation 3 de eliminaci\u00f3n directa y contar\u00e1 con una Exposici\u00f3n retro gamer y antig\u00fcedades; Documental sobre videojuegos; Shows K-POP; Stands \/Antig\u00fcedades Estambul y Cine Anime. Para participar se debe ser mayor de 12 a\u00f1os, traer un joystick de Ps3 con cable cargador USB, tener conocimientos en juegos de pelea tales como Street Fighter, King of Fighter, Mortal Combat, etc.) y enviar un correo electr\u00f3nico a convocatoriasmoreno@gmail.com<\/p>\n<p>El domingo 12 de diciembre, desde las 10 horas se realizar\u00e1 la\u00a0<strong>celebraci\u00f3n a la Virgen de Guadalupe\u00a0<\/strong>en la Catedral Nuestra Se\u00f1ora del Rosario, ubicada en Joly 2760 y Asconap\u00e9. Podr\u00e1n participar de la procesi\u00f3n, la misa criolla, de shows en vivo y disfrutar de los puestos gastron\u00f3micos y de artesan\u00eda.<\/p>\n<blockquote class=\"wp-embedded-content\" data-secret=\"vAK2GXk5P0\"><p><a href=\"https:\/\/sectorprensa.com.ar\/encontraron-sana-y-salva-a-una-vecina-de-ituzaingo-que-estaba-desaparecida-desde-el-sabado\/\">ENCONTRARON SANA Y SALVA A UNA VECINA DE ITUZAING\u00d3 QUE ESTABA DESAPARECIDA DESDE EL S\u00c1BADO<\/a><\/p><\/blockquote>\n<p><iframe loading=\"lazy\" class=\"wp-embedded-content\" sandbox=\"allow-scripts\" security=\"restricted\" style=\"position: absolute; clip: rect(1px, 1px, 1px, 1px);\" title=\"&#8220;ENCONTRARON SANA Y SALVA A UNA VECINA DE ITUZAING\u00d3 QUE ESTABA DESAPARECIDA DESDE EL S\u00c1BADO&#8221; &#8212; SECTOR PRENSA\" src=\"https:\/\/sectorprensa.com.ar\/encontraron-sana-y-salva-a-una-vecina-de-ituzaingo-que-estaba-desaparecida-desde-el-sabado\/embed\/#?secret=vAK2GXk5P0\" data-secret=\"vAK2GXk5P0\" width=\"600\" height=\"338\" frameborder=\"0\" marginwidth=\"0\" marginheight=\"0\" scrolling=\"no\"><\/iframe><\/p>\n","protected":false},"excerpt":{"rendered":"<p>Hay una variedad de actividades para realizar en Los Robles y ofertas culturales en el Teatro Marechal y otros espacios<\/p>\n","protected":false},"author":1,"featured_media":37955,"comment_status":"closed","ping_status":"open","sticky":false,"template":"","format":"standard","meta":{"colormag_page_container_layout":"default_layout","colormag_page_sidebar_layout":"default_layout","footnotes":""},"categories":[9,17,2154],"tags":[2897,437],"class_list":["post-38247","post","type-post","status-publish","format-standard","has-post-thumbnail","hentry","category-cultura","category-destacadas","category-moreno","tag-agenda-cultural","tag-moreno"],"_links":{"self":[{"href":"https:\/\/sectorprensa.com.ar\/index.php?rest_route=\/wp\/v2\/posts\/38247","targetHints":{"allow":["GET"]}}],"collection":[{"href":"https:\/\/sectorprensa.com.ar\/index.php?rest_route=\/wp\/v2\/posts"}],"about":[{"href":"https:\/\/sectorprensa.com.ar\/index.php?rest_route=\/wp\/v2\/types\/post"}],"author":[{"embeddable":true,"href":"https:\/\/sectorprensa.com.ar\/index.php?rest_route=\/wp\/v2\/users\/1"}],"replies":[{"embeddable":true,"href":"https:\/\/sectorprensa.com.ar\/index.php?rest_route=%2Fwp%2Fv2%2Fcomments&post=38247"}],"version-history":[{"count":1,"href":"https:\/\/sectorprensa.com.ar\/index.php?rest_route=\/wp\/v2\/posts\/38247\/revisions"}],"predecessor-version":[{"id":38248,"href":"https:\/\/sectorprensa.com.ar\/index.php?rest_route=\/wp\/v2\/posts\/38247\/revisions\/38248"}],"wp:featuredmedia":[{"embeddable":true,"href":"https:\/\/sectorprensa.com.ar\/index.php?rest_route=\/wp\/v2\/media\/37955"}],"wp:attachment":[{"href":"https:\/\/sectorprensa.com.ar\/index.php?rest_route=%2Fwp%2Fv2%2Fmedia&parent=38247"}],"wp:term":[{"taxonomy":"category","embeddable":true,"href":"https:\/\/sectorprensa.com.ar\/index.php?rest_route=%2Fwp%2Fv2%2Fcategories&post=38247"},{"taxonomy":"post_tag","embeddable":true,"href":"https:\/\/sectorprensa.com.ar\/index.php?rest_route=%2Fwp%2Fv2%2Ftags&post=38247"}],"curies":[{"name":"wp","href":"https:\/\/api.w.org\/{rel}","templated":true}]}}