{"id":38358,"date":"2021-12-14T08:00:51","date_gmt":"2021-12-14T11:00:51","guid":{"rendered":"https:\/\/sectorprensa.com.ar\/?p=38358"},"modified":"2021-12-13T22:37:31","modified_gmt":"2021-12-14T01:37:31","slug":"moreno-inscripcion-a-las-colonias-de-verano","status":"publish","type":"post","link":"https:\/\/sectorprensa.com.ar\/?p=38358","title":{"rendered":"MORENO: INSCRIPCI\u00d3N A LAS COLONIAS DE VERANO"},"content":{"rendered":"<h6><strong>Las colonias de verano se llevar\u00e1n a cabo del 10 de enero al 11 de febrero de 2022. Mir\u00e1 el cronograma.<\/strong><\/h6>\n<p><!--more--><\/p>\n<p>La Municipalidad de Moreno inform\u00f3 que comenzaron las inscripciones a las colonias de verano para ni\u00f1os, j\u00f3venes y adultos mayores, las cuales se llevar\u00e1n a cabo del 10 de enero al 11 de febrero de 2022.<\/p>\n<p>Las sedes para los ni\u00f1os y las ni\u00f1as ser\u00e1n en los Polideportivo Catonas y Paso del Rey, Los Robles en La Reja y el Sindicato Textil en Cuartel V. En tanto, para las personas con discapacidad ser\u00e1 el Club Defensores de Moreno y el Sindicato Argentino de Televisi\u00f3n, ubicado en la Reja para los adultos mayores.<\/p>\n<p>Las actividades se realizar\u00e1n en diferentes d\u00edas de acuerdo con el siguiente cronograma:<\/p>\n<p>En los polideportivos Catonas y Paso del Rey, para ni\u00f1as y ni\u00f1os de 6 a 13 a\u00f1os, a partir del 15 de diciembre, de lunes a viernes de 8 a 16 horas. Deber\u00e1n concurrir con Documento Nacional de Identidad.<\/p>\n<p>En el polideportivo de Paso del Rey, para Adultos Mayores, a partir del 20 de diciembre, de martes a viernes de 9 a 13 horas. Deber\u00e1n llevar el certificado de vacunaci\u00f3n COVID.<\/p>\n<p>La inscripci\u00f3n de ni\u00f1as y ni\u00f1os de 6 a 13 a\u00f1os, es a partir del 15 de noviembre, de 8 a 16 horas, en los polideportivos Las Catonas y Paso del Rey y para los Adultos Mayores, a partir del 20 de diciembre, de martes a viernes, de 9 a 13 horas, en el polideportivo Paso del Rey.<\/p>\n<blockquote class=\"wp-embedded-content\" data-secret=\"UP0NmBrdOi\"><p><a href=\"https:\/\/sectorprensa.com.ar\/mariel-fernandez-pensemos-en-nuestra-casa-comun-y-en-las-personas-que-la-habitan\/\">MARIEL FERN\u00c1NDEZ: \u201cPENSEMOS EN NUESTRA CASA COM\u00daN Y EN LAS PERSONAS QUE LA HABITAN\u201d<\/a><\/p><\/blockquote>\n<p><iframe loading=\"lazy\" class=\"wp-embedded-content\" sandbox=\"allow-scripts\" security=\"restricted\" style=\"position: absolute; clip: rect(1px, 1px, 1px, 1px);\" title=\"&#8220;MARIEL FERN\u00c1NDEZ: \u201cPENSEMOS EN NUESTRA CASA COM\u00daN Y EN LAS PERSONAS QUE LA HABITAN\u201d&#8221; &#8212; SECTOR PRENSA\" src=\"https:\/\/sectorprensa.com.ar\/mariel-fernandez-pensemos-en-nuestra-casa-comun-y-en-las-personas-que-la-habitan\/embed\/#?secret=UP0NmBrdOi\" data-secret=\"UP0NmBrdOi\" width=\"600\" height=\"338\" frameborder=\"0\" marginwidth=\"0\" marginheight=\"0\" scrolling=\"no\"><\/iframe><\/p>\n","protected":false},"excerpt":{"rendered":"<p>Las colonias de verano se llevar\u00e1n a cabo del 10 de enero al 11 de febrero de 2022. Mir\u00e1 el<\/p>\n","protected":false},"author":1,"featured_media":38361,"comment_status":"closed","ping_status":"open","sticky":false,"template":"","format":"standard","meta":{"colormag_page_container_layout":"default_layout","colormag_page_sidebar_layout":"default_layout","footnotes":""},"categories":[17,2154,10],"tags":[4878,437],"class_list":["post-38358","post","type-post","status-publish","format-standard","has-post-thumbnail","hentry","category-destacadas","category-moreno","category-sociedad","tag-colonias-de-verano","tag-moreno"],"_links":{"self":[{"href":"https:\/\/sectorprensa.com.ar\/index.php?rest_route=\/wp\/v2\/posts\/38358","targetHints":{"allow":["GET"]}}],"collection":[{"href":"https:\/\/sectorprensa.com.ar\/index.php?rest_route=\/wp\/v2\/posts"}],"about":[{"href":"https:\/\/sectorprensa.com.ar\/index.php?rest_route=\/wp\/v2\/types\/post"}],"author":[{"embeddable":true,"href":"https:\/\/sectorprensa.com.ar\/index.php?rest_route=\/wp\/v2\/users\/1"}],"replies":[{"embeddable":true,"href":"https:\/\/sectorprensa.com.ar\/index.php?rest_route=%2Fwp%2Fv2%2Fcomments&post=38358"}],"version-history":[{"count":1,"href":"https:\/\/sectorprensa.com.ar\/index.php?rest_route=\/wp\/v2\/posts\/38358\/revisions"}],"predecessor-version":[{"id":38360,"href":"https:\/\/sectorprensa.com.ar\/index.php?rest_route=\/wp\/v2\/posts\/38358\/revisions\/38360"}],"wp:featuredmedia":[{"embeddable":true,"href":"https:\/\/sectorprensa.com.ar\/index.php?rest_route=\/wp\/v2\/media\/38361"}],"wp:attachment":[{"href":"https:\/\/sectorprensa.com.ar\/index.php?rest_route=%2Fwp%2Fv2%2Fmedia&parent=38358"}],"wp:term":[{"taxonomy":"category","embeddable":true,"href":"https:\/\/sectorprensa.com.ar\/index.php?rest_route=%2Fwp%2Fv2%2Fcategories&post=38358"},{"taxonomy":"post_tag","embeddable":true,"href":"https:\/\/sectorprensa.com.ar\/index.php?rest_route=%2Fwp%2Fv2%2Ftags&post=38358"}],"curies":[{"name":"wp","href":"https:\/\/api.w.org\/{rel}","templated":true}]}}