{"id":38412,"date":"2021-12-15T08:00:02","date_gmt":"2021-12-15T11:00:02","guid":{"rendered":"https:\/\/sectorprensa.com.ar\/?p=38412"},"modified":"2021-12-15T01:14:37","modified_gmt":"2021-12-15T04:14:37","slug":"la-inflacion-de-noviembre-llego-a-25-es-del-512-interanual","status":"publish","type":"post","link":"https:\/\/sectorprensa.com.ar\/?p=38412","title":{"rendered":"LA INFLACI\u00d3N DE NOVIEMBRE LLEG\u00d3 A 2,5%, ES DEL 51,2% INTERANUAL"},"content":{"rendered":"<h6><strong>La cifra marc\u00f3 el menor registro de este 2021, algo que no suced\u00eda desde agosto, y volvi\u00f3 a romper el piso del 3%.<\/strong><\/h6>\n<p><!--more--><\/p>\n<p>Este martes, el INDEC dio a conocer el porcentaje de la inflaci\u00f3n de noviembre. Los n\u00fameros marcaron un 2,5%, rompiendo el piso del 3%, mientras que la interanual registr\u00f3 un aumento del 51,2%.<\/p>\n<p>De esta manera, la \u00faltima proyecci\u00f3n oficial para este 2021 fue superada debido a que se esperaba un 45,1%, pero en los primeros once meses del a\u00f1o alcanz\u00f3 un 45,4%.<\/p>\n<p>Uno de los principales sectores que registraron subas en torno a la inflaci\u00f3n fue el rubro Alimentos y Bebidas, que marc\u00f3 un 2,1% en noviembre frente a los 3,4% de octubre. A pesar de haberse desacelerado, el sector fue el de mayor incidencia el mes pasado.<\/p>\n<p>La suba en este rubro fue explicada por el organismo: \u00abEstuvieron parcialmente compensados por la baja de Verduras, tub\u00e9rculos y legumbres, dentro de la que se destac\u00f3 la disminuci\u00f3n del precio del tomate\u201d.<\/p>\n<p>Por otra parte, el sector de restaurantes y hoteles tuvo un incremento del 5%, prendas de vestir y calzados creci\u00f3 un 4,1% y equipamiento y mantenimiento del hogar aument\u00f3 un 2,7%.<\/p>\n<p>En cuanto a la inflaci\u00f3n n\u00facleo, se trata de la que no contempla los precios estacionales ni los regulados, la misma avanz\u00f3 3,3% (una d\u00e9cima superior a la del mes pasado).<\/p>\n<p>Las cifras tomaron por sorpresa a los analistas privados, quienes por medio de Relevamientos de Expectativas del Mercado del Banco Central, esperaban que los n\u00fameros del mes pasado estuviesen en un 3,1%.<\/p>\n<blockquote class=\"wp-embedded-content\" data-secret=\"tlUNh5pGwg\"><p><a href=\"https:\/\/sectorprensa.com.ar\/inflacion-en-octubre-se-registro-un-35\/\">INFLACI\u00d3N: EN OCTUBRE SE REGISTR\u00d3 UN 3,5%<\/a><\/p><\/blockquote>\n<p><iframe loading=\"lazy\" class=\"wp-embedded-content\" sandbox=\"allow-scripts\" security=\"restricted\" style=\"position: absolute; clip: rect(1px, 1px, 1px, 1px);\" title=\"&#8220;INFLACI\u00d3N: EN OCTUBRE SE REGISTR\u00d3 UN 3,5%&#8221; &#8212; SECTOR PRENSA\" src=\"https:\/\/sectorprensa.com.ar\/inflacion-en-octubre-se-registro-un-35\/embed\/#?secret=tlUNh5pGwg\" data-secret=\"tlUNh5pGwg\" width=\"600\" height=\"338\" frameborder=\"0\" marginwidth=\"0\" marginheight=\"0\" scrolling=\"no\"><\/iframe><\/p>\n","protected":false},"excerpt":{"rendered":"<p>La cifra marc\u00f3 el menor registro de este 2021, algo que no suced\u00eda desde agosto, y volvi\u00f3 a romper el<\/p>\n","protected":false},"author":1,"featured_media":38413,"comment_status":"closed","ping_status":"open","sticky":false,"template":"","format":"standard","meta":{"colormag_page_container_layout":"default_layout","colormag_page_sidebar_layout":"default_layout","footnotes":""},"categories":[17,8,10],"tags":[3625,4131],"class_list":["post-38412","post","type-post","status-publish","format-standard","has-post-thumbnail","hentry","category-destacadas","category-politica","category-sociedad","tag-indec","tag-inflacion"],"_links":{"self":[{"href":"https:\/\/sectorprensa.com.ar\/index.php?rest_route=\/wp\/v2\/posts\/38412","targetHints":{"allow":["GET"]}}],"collection":[{"href":"https:\/\/sectorprensa.com.ar\/index.php?rest_route=\/wp\/v2\/posts"}],"about":[{"href":"https:\/\/sectorprensa.com.ar\/index.php?rest_route=\/wp\/v2\/types\/post"}],"author":[{"embeddable":true,"href":"https:\/\/sectorprensa.com.ar\/index.php?rest_route=\/wp\/v2\/users\/1"}],"replies":[{"embeddable":true,"href":"https:\/\/sectorprensa.com.ar\/index.php?rest_route=%2Fwp%2Fv2%2Fcomments&post=38412"}],"version-history":[{"count":1,"href":"https:\/\/sectorprensa.com.ar\/index.php?rest_route=\/wp\/v2\/posts\/38412\/revisions"}],"predecessor-version":[{"id":38414,"href":"https:\/\/sectorprensa.com.ar\/index.php?rest_route=\/wp\/v2\/posts\/38412\/revisions\/38414"}],"wp:featuredmedia":[{"embeddable":true,"href":"https:\/\/sectorprensa.com.ar\/index.php?rest_route=\/wp\/v2\/media\/38413"}],"wp:attachment":[{"href":"https:\/\/sectorprensa.com.ar\/index.php?rest_route=%2Fwp%2Fv2%2Fmedia&parent=38412"}],"wp:term":[{"taxonomy":"category","embeddable":true,"href":"https:\/\/sectorprensa.com.ar\/index.php?rest_route=%2Fwp%2Fv2%2Fcategories&post=38412"},{"taxonomy":"post_tag","embeddable":true,"href":"https:\/\/sectorprensa.com.ar\/index.php?rest_route=%2Fwp%2Fv2%2Ftags&post=38412"}],"curies":[{"name":"wp","href":"https:\/\/api.w.org\/{rel}","templated":true}]}}