{"id":38530,"date":"2021-12-19T10:29:28","date_gmt":"2021-12-19T13:29:28","guid":{"rendered":"https:\/\/sectorprensa.com.ar\/?p=38530"},"modified":"2021-12-19T10:29:28","modified_gmt":"2021-12-19T13:29:28","slug":"la-secta-que-tenia-un-arsenal-y-estaba-preparada-para-soportar-el-fin-del-mundo","status":"publish","type":"post","link":"https:\/\/sectorprensa.com.ar\/?p=38530","title":{"rendered":"LA SECTA QUE TEN\u00cdA UN ARSENAL Y ESTABA PREPARADA PARA SOPORTAR \u201cEL FIN DEL MUNDO\u201d"},"content":{"rendered":"<h6><strong>Estaban instalados en el Barrio 20 de Junio, en La Matanza. Detuvieron a su l\u00edder Aldo y entre el armamento descubrieron trajes bacteriol\u00f3gicos para resistir ataques bioqu\u00edmicos.<\/strong><\/h6>\n<p><!--more--><\/p>\n<p>El periodista, Federico Trofelli dio detalles en Radio B\u00fanker (FM 94.9) sobre la causa iniciada a la secta que ten\u00eda un arsenal en su \u201ctemplo\u201d llamado Abba Krishna. Mediante un operativo se rescat\u00f3 a las v\u00edctimas que eran sometidas a maltratos y esclavitud laboral.<\/p>\n<p>La banda ubicada en el Barrio 20 de Junio del partido de La Matanza, captaba victimas vulnerables a quienes esclavizaban y vejaban sexualmente.<\/p>\n<p>En los allanamientos se secuestran 1800 balas de 9mm, los 3200 proyectiles calibre .45 y los 1800 cartuchos calibre 22, con punta hueca, capaces de perforar algunos chalecos antibalas.<\/p>\n<p>La \u201csecta\u201d tambi\u00e9n ten\u00eda trajes bacteriol\u00f3gicos para soportar ataques bioqu\u00edmicos, hasta para soporta \u201cel fin del mundo\u201d, se\u00f1al\u00f3 el periodista especializado en policiales.<\/p>\n<p>Escuch\u00e1 el informe completo:<\/p>\n<p><iframe loading=\"lazy\" title=\"Federico Trofelli - Policiales 16-12\" width=\"100%\" height=\"120\" src=\"https:\/\/www.mixcloud.com\/widget\/iframe\/?feed=https%3A%2F%2Fwww.mixcloud.com%2Fmariano-genisso%2Ffederico-trofelli-policiales-16-12%2F&amp;hide_cover=1\" frameborder=\"0\"><\/iframe><\/p>\n<blockquote class=\"wp-embedded-content\" data-secret=\"WqpNi2crM9\"><p><a href=\"https:\/\/sectorprensa.com.ar\/ciudad-evita-delincuentes-balearon-a-un-hombre-y-los-vecinos-enfrentaron-a-la-policia\/\">CIUDAD EVITA: DELINCUENTES BALEARON A UN HOMBRE Y LOS VECINOS ENFRENTARON A LA POLIC\u00cdA<\/a><\/p><\/blockquote>\n<p><iframe loading=\"lazy\" class=\"wp-embedded-content\" sandbox=\"allow-scripts\" security=\"restricted\" style=\"position: absolute; clip: rect(1px, 1px, 1px, 1px);\" title=\"&#8220;CIUDAD EVITA: DELINCUENTES BALEARON A UN HOMBRE Y LOS VECINOS ENFRENTARON A LA POLIC\u00cdA&#8221; &#8212; SECTOR PRENSA\" src=\"https:\/\/sectorprensa.com.ar\/ciudad-evita-delincuentes-balearon-a-un-hombre-y-los-vecinos-enfrentaron-a-la-policia\/embed\/#?secret=WqpNi2crM9\" data-secret=\"WqpNi2crM9\" width=\"600\" height=\"338\" frameborder=\"0\" marginwidth=\"0\" marginheight=\"0\" scrolling=\"no\"><\/iframe><\/p>\n","protected":false},"excerpt":{"rendered":"<p>Estaban instalados en el Barrio 20 de Junio, en La Matanza. Detuvieron a su l\u00edder Aldo y entre el armamento<\/p>\n","protected":false},"author":1,"featured_media":38531,"comment_status":"closed","ping_status":"open","sticky":false,"template":"","format":"audio","meta":{"colormag_page_container_layout":"default_layout","colormag_page_sidebar_layout":"default_layout","footnotes":""},"categories":[17,12],"tags":[305,4693,767,5861],"class_list":["post-38530","post","type-post","status-publish","format-audio","has-post-thumbnail","hentry","category-destacadas","category-policiales","tag-armas","tag-barrio-20-de-junio","tag-la-matanza","tag-secta","post_format-post-format-audio"],"_links":{"self":[{"href":"https:\/\/sectorprensa.com.ar\/index.php?rest_route=\/wp\/v2\/posts\/38530","targetHints":{"allow":["GET"]}}],"collection":[{"href":"https:\/\/sectorprensa.com.ar\/index.php?rest_route=\/wp\/v2\/posts"}],"about":[{"href":"https:\/\/sectorprensa.com.ar\/index.php?rest_route=\/wp\/v2\/types\/post"}],"author":[{"embeddable":true,"href":"https:\/\/sectorprensa.com.ar\/index.php?rest_route=\/wp\/v2\/users\/1"}],"replies":[{"embeddable":true,"href":"https:\/\/sectorprensa.com.ar\/index.php?rest_route=%2Fwp%2Fv2%2Fcomments&post=38530"}],"version-history":[{"count":1,"href":"https:\/\/sectorprensa.com.ar\/index.php?rest_route=\/wp\/v2\/posts\/38530\/revisions"}],"predecessor-version":[{"id":38532,"href":"https:\/\/sectorprensa.com.ar\/index.php?rest_route=\/wp\/v2\/posts\/38530\/revisions\/38532"}],"wp:featuredmedia":[{"embeddable":true,"href":"https:\/\/sectorprensa.com.ar\/index.php?rest_route=\/wp\/v2\/media\/38531"}],"wp:attachment":[{"href":"https:\/\/sectorprensa.com.ar\/index.php?rest_route=%2Fwp%2Fv2%2Fmedia&parent=38530"}],"wp:term":[{"taxonomy":"category","embeddable":true,"href":"https:\/\/sectorprensa.com.ar\/index.php?rest_route=%2Fwp%2Fv2%2Fcategories&post=38530"},{"taxonomy":"post_tag","embeddable":true,"href":"https:\/\/sectorprensa.com.ar\/index.php?rest_route=%2Fwp%2Fv2%2Ftags&post=38530"}],"curies":[{"name":"wp","href":"https:\/\/api.w.org\/{rel}","templated":true}]}}