{"id":38533,"date":"2021-12-20T06:00:50","date_gmt":"2021-12-20T09:00:50","guid":{"rendered":"https:\/\/sectorprensa.com.ar\/?p=38533"},"modified":"2021-12-19T20:45:42","modified_gmt":"2021-12-19T23:45:42","slug":"paso-del-rey-mataron-a-balazos-a-un-joven-a-la-salida-de-una-fiesta","status":"publish","type":"post","link":"https:\/\/sectorprensa.com.ar\/?p=38533","title":{"rendered":"PASO DEL REY: MATARON A BALAZOS A UN JOVEN A LA SALIDA DE UNA FIESTA"},"content":{"rendered":"<h6><strong>El hecho ocurri\u00f3 en una casa situada en Franklin al 2800 entre Espa\u00f1a y Fleming. El asesino escap\u00f3 y es intensamente buscado por la polic\u00eda.<\/strong><\/h6>\n<p><!--more--><\/p>\n<p>Un joven de 21 a\u00f1os, identificado como Miguel \u00c1ngel Alcides Mart\u00ednez, fue asesinado a balazos en una pelea que varios individuos mantuvieron mientras se desarrollaba una fiesta en Paso del Rey, partido de Moreno.<\/p>\n<p>Los hechos comenzaron cuando el muchacho se hallaba en una fiesta que se concretaba en una casa situada en Benjam\u00edn Franklin al 2800, entre Espa\u00f1a y Doctor Alejandro Fleming, en la mencionada localidad.<\/p>\n<p>El joven comenz\u00f3 a discutir con un sujeto conocido como Alan, presuntamente debido a viejos problemas vecinales. Seg\u00fan agregaron testigos, la disputa continu\u00f3 en la v\u00eda p\u00fablica, donde intervinieron otras personas que se encontraban en el evento.<\/p>\n<p>En forma repentina, Alan extrajo un arma de fuego y empez\u00f3 a efectuar disparos, oportunidad en la que hiri\u00f3 de gravedad a Mart\u00ednez.<\/p>\n<p>Con rapidez, el atacante huy\u00f3, mientras que uniformados del Comando Patrulla llegaron al escenario de la pelea, luego de recibir una denuncia al n\u00famero telef\u00f3nico de emergencias 911.<\/p>\n<p>Momentos despu\u00e9s, Mart\u00ednez tuvo que ser trasladado, de urgencia, al Hospital Mariano y Luciano de la Vega, donde finalmente el paciente muri\u00f3 tras haber sido operado por los m\u00e9dicos del mencionado centro asistencial.<\/p>\n<p>Peritos de la Polic\u00eda Cient\u00edfica revisaron al fallecido y lograron determinar que presentaba un impacto de arma de fuego en la regi\u00f3n tor\u00e1cica, a la vez que se cree que este crimen habr\u00eda sido consumado con un rev\u00f3lver.<\/p>\n<p>Cabe destacar que la polic\u00eda se encuentra trabajando intensamente para encontrar al malviviente.<\/p>\n<p>Intervino en la causa, que fue caratulada \u201cHomicidio\u201d, la Unidad Funcional N\u00b0 1 de los tribunales de Moreno &#8211; General Rodr\u00edguez.<\/p>\n<blockquote class=\"wp-embedded-content\" data-secret=\"fNKp3x0uou\"><p><a href=\"https:\/\/sectorprensa.com.ar\/dos-delincuentes-atacaron-a-cuchilladas-a-un-chofer-de-la-perlita-para-robarle\/\">DOS DELINCUENTES ATACARON A CUCHILLADAS A UN CHOFER DE \u201cLA PERLITA\u201d PARA ROBARLE<\/a><\/p><\/blockquote>\n<p><iframe loading=\"lazy\" class=\"wp-embedded-content\" sandbox=\"allow-scripts\" security=\"restricted\" style=\"position: absolute; clip: rect(1px, 1px, 1px, 1px);\" title=\"&#8220;DOS DELINCUENTES ATACARON A CUCHILLADAS A UN CHOFER DE \u201cLA PERLITA\u201d PARA ROBARLE&#8221; &#8212; SECTOR PRENSA\" src=\"https:\/\/sectorprensa.com.ar\/dos-delincuentes-atacaron-a-cuchilladas-a-un-chofer-de-la-perlita-para-robarle\/embed\/#?secret=fNKp3x0uou\" data-secret=\"fNKp3x0uou\" width=\"600\" height=\"338\" frameborder=\"0\" marginwidth=\"0\" marginheight=\"0\" scrolling=\"no\"><\/iframe><\/p>\n","protected":false},"excerpt":{"rendered":"<p>El hecho ocurri\u00f3 en una casa situada en Franklin al 2800 entre Espa\u00f1a y Fleming. El asesino escap\u00f3 y es<\/p>\n","protected":false},"author":1,"featured_media":38534,"comment_status":"closed","ping_status":"open","sticky":false,"template":"","format":"standard","meta":{"colormag_page_container_layout":"default_layout","colormag_page_sidebar_layout":"default_layout","footnotes":""},"categories":[1,2154,12],"tags":[291,1599,1776,2018,437,2221],"class_list":["post-38533","post","type-post","status-publish","format-standard","has-post-thumbnail","hentry","category-destacado","category-moreno","category-policiales","tag-asesinato","tag-delincuente","tag-fiesta","tag-joven","tag-moreno","tag-paso-del-rey"],"_links":{"self":[{"href":"https:\/\/sectorprensa.com.ar\/index.php?rest_route=\/wp\/v2\/posts\/38533","targetHints":{"allow":["GET"]}}],"collection":[{"href":"https:\/\/sectorprensa.com.ar\/index.php?rest_route=\/wp\/v2\/posts"}],"about":[{"href":"https:\/\/sectorprensa.com.ar\/index.php?rest_route=\/wp\/v2\/types\/post"}],"author":[{"embeddable":true,"href":"https:\/\/sectorprensa.com.ar\/index.php?rest_route=\/wp\/v2\/users\/1"}],"replies":[{"embeddable":true,"href":"https:\/\/sectorprensa.com.ar\/index.php?rest_route=%2Fwp%2Fv2%2Fcomments&post=38533"}],"version-history":[{"count":3,"href":"https:\/\/sectorprensa.com.ar\/index.php?rest_route=\/wp\/v2\/posts\/38533\/revisions"}],"predecessor-version":[{"id":38537,"href":"https:\/\/sectorprensa.com.ar\/index.php?rest_route=\/wp\/v2\/posts\/38533\/revisions\/38537"}],"wp:featuredmedia":[{"embeddable":true,"href":"https:\/\/sectorprensa.com.ar\/index.php?rest_route=\/wp\/v2\/media\/38534"}],"wp:attachment":[{"href":"https:\/\/sectorprensa.com.ar\/index.php?rest_route=%2Fwp%2Fv2%2Fmedia&parent=38533"}],"wp:term":[{"taxonomy":"category","embeddable":true,"href":"https:\/\/sectorprensa.com.ar\/index.php?rest_route=%2Fwp%2Fv2%2Fcategories&post=38533"},{"taxonomy":"post_tag","embeddable":true,"href":"https:\/\/sectorprensa.com.ar\/index.php?rest_route=%2Fwp%2Fv2%2Ftags&post=38533"}],"curies":[{"name":"wp","href":"https:\/\/api.w.org\/{rel}","templated":true}]}}