{"id":38706,"date":"2021-12-23T18:14:31","date_gmt":"2021-12-23T21:14:31","guid":{"rendered":"https:\/\/sectorprensa.com.ar\/?p=38706"},"modified":"2021-12-23T20:23:29","modified_gmt":"2021-12-23T23:23:29","slug":"provincia-los-estatales-que-tendran-asueto-el-24-y-31-de-diciembre","status":"publish","type":"post","link":"https:\/\/sectorprensa.com.ar\/?p=38706","title":{"rendered":"PROVINCIA: LOS ESTATALES QUE TENDR\u00c1N ASUETO EL 24 Y 31 DE DICIEMBRE"},"content":{"rendered":"<h6><strong>El gobierno de Axel Kicillof emiti\u00f3 un decreto para el asueto de los trabajadores estatales durante el 24 y 31 de diciembre.<\/strong><\/h6>\n<p><!--more--><\/p>\n<p>Con las fiestas de fin de a\u00f1o a tan s\u00f3lo unos d\u00edas, el gobierno de la Provincia de Buenos Aires hizo oficial los asuetos para los trabajadores estatales. Ser\u00e1 para los d\u00edas 24 y 31 de diciembre, as\u00ed lo determina la resoluci\u00f3n N\u00b01172\/2021 que fue firmada por Axel Kicillof (Gobernador) y Mart\u00edn Insaurralde (Jefe de Gabinete).<\/p>\n<p>La normativa explica los motivos: \u00abSon fechas que por su profundo sentido religioso y conmemorativo, son celebradas tradicionalmente por la ciudadan\u00eda mediante la uni\u00f3n y acercamiento de las familias y grupos\u201d.<\/p>\n<p>\u201cEn atenci\u00f3n a ello, se considera conveniente otorgar asueto administrativo los d\u00edas 24 y 31 de diciembre del corriente a\u00f1o\u201d, establece el decreto.<\/p>\n<p>El asueto en cada una de las jurisdicciones estar\u00e1 arbitrado por el Poder Legislativo, Judicial y los 135 municipios bonaerenses, como se\u00f1alaron los funcionarios.<\/p>\n<p>&nbsp;<\/p>\n<blockquote class=\"twitter-tweet\">\n<p dir=\"ltr\" lang=\"es\">Compartimos un lindo momento brindando con las y los trabajadores de la Gobernaci\u00f3n. <a href=\"https:\/\/t.co\/mfpAN5IucP\">pic.twitter.com\/mfpAN5IucP<\/a><\/p>\n<p>\u2014 Axel Kicillof (@Kicillofok) <a href=\"https:\/\/twitter.com\/Kicillofok\/status\/1474146886160420873?ref_src=twsrc%5Etfw\">December 23, 2021<\/a><\/p><\/blockquote>\n<p><script async src=\"https:\/\/platform.twitter.com\/widgets.js\" charset=\"utf-8\"><\/script><\/p>\n<p>Cabe destacar, en el cierre de este 2021 la gesti\u00f3n de Kicillof otorgar\u00e1 un bono de 20 mil pesos para los trabajadores de la administraci\u00f3n p\u00fablica de la provincia de Buenos Aires.<\/p>\n<p>Por otra parte, los que tendr\u00e1n jornada laboral normalmente en esos d\u00edas son:<\/p>\n<p>&#8211; Personal dependiente de las polic\u00edas de la provincia de Buenos Aires y del Sistema de Atenci\u00f3n Telef\u00f3nica de Emergencia del Ministerio de Seguridad.<br \/>\n&#8211; Personal dependiente del Servicio Penitenciario Bonaerense.<br \/>\n&#8211; Personal que se desempe\u00f1e en la L\u00ednea 144 y en los Hogares de Protecci\u00f3n Integral dependiente del Ministerio de las Mujeres, Pol\u00edticas de G\u00e9neros y Diversidad Sexual.<br \/>\n&#8211; Personal hospitalario del Ministerio de Salud que resulte necesario para la cobertura de servicios esenciales, guardia y emergencia<br \/>\n&#8211; Toda otra prestaci\u00f3n que no pueda ser interrumpida.<br \/>\n&#8211; Personal comisionado en el marco del \u201cOperativo Sol\u201d.<br \/>\n&#8211; Personal dependiente de la Direcci\u00f3n Provincial de Pol\u00edtica y Seguridad Vial que a tal efecto se disponga y aquel que realice tareas de Inspecci\u00f3n Vial.<br \/>\n&#8211; Empleados de Instituciones Bancarias y Entidades Financieras.<\/p>\n<blockquote class=\"wp-embedded-content\" data-secret=\"S09EQHAyUI\"><p><a href=\"https:\/\/sectorprensa.com.ar\/provincia-habra-un-bono-de-fin-de-ano\/\">PROVINCIA: HABR\u00c1 UN BONO DE FIN DE A\u00d1O<\/a><\/p><\/blockquote>\n<p><iframe loading=\"lazy\" class=\"wp-embedded-content\" sandbox=\"allow-scripts\" security=\"restricted\" style=\"position: absolute; clip: rect(1px, 1px, 1px, 1px);\" title=\"&#8220;PROVINCIA: HABR\u00c1 UN BONO DE FIN DE A\u00d1O&#8221; &#8212; SECTOR PRENSA\" src=\"https:\/\/sectorprensa.com.ar\/provincia-habra-un-bono-de-fin-de-ano\/embed\/#?secret=S09EQHAyUI\" data-secret=\"S09EQHAyUI\" width=\"600\" height=\"338\" frameborder=\"0\" marginwidth=\"0\" marginheight=\"0\" scrolling=\"no\"><\/iframe><\/p>\n","protected":false},"excerpt":{"rendered":"<p>El gobierno de Axel Kicillof emiti\u00f3 un decreto para el asueto de los trabajadores estatales durante el 24 y 31<\/p>\n","protected":false},"author":1,"featured_media":38707,"comment_status":"closed","ping_status":"open","sticky":false,"template":"","format":"standard","meta":{"colormag_page_container_layout":"default_layout","colormag_page_sidebar_layout":"default_layout","footnotes":""},"categories":[17,18],"tags":[5899,3337,5900],"class_list":["post-38706","post","type-post","status-publish","format-standard","has-post-thumbnail","hentry","category-destacadas","category-provincia","tag-asuetos","tag-axel-kicillof","tag-fiestas-de-fin-de-ano"],"_links":{"self":[{"href":"https:\/\/sectorprensa.com.ar\/index.php?rest_route=\/wp\/v2\/posts\/38706","targetHints":{"allow":["GET"]}}],"collection":[{"href":"https:\/\/sectorprensa.com.ar\/index.php?rest_route=\/wp\/v2\/posts"}],"about":[{"href":"https:\/\/sectorprensa.com.ar\/index.php?rest_route=\/wp\/v2\/types\/post"}],"author":[{"embeddable":true,"href":"https:\/\/sectorprensa.com.ar\/index.php?rest_route=\/wp\/v2\/users\/1"}],"replies":[{"embeddable":true,"href":"https:\/\/sectorprensa.com.ar\/index.php?rest_route=%2Fwp%2Fv2%2Fcomments&post=38706"}],"version-history":[{"count":3,"href":"https:\/\/sectorprensa.com.ar\/index.php?rest_route=\/wp\/v2\/posts\/38706\/revisions"}],"predecessor-version":[{"id":38725,"href":"https:\/\/sectorprensa.com.ar\/index.php?rest_route=\/wp\/v2\/posts\/38706\/revisions\/38725"}],"wp:featuredmedia":[{"embeddable":true,"href":"https:\/\/sectorprensa.com.ar\/index.php?rest_route=\/wp\/v2\/media\/38707"}],"wp:attachment":[{"href":"https:\/\/sectorprensa.com.ar\/index.php?rest_route=%2Fwp%2Fv2%2Fmedia&parent=38706"}],"wp:term":[{"taxonomy":"category","embeddable":true,"href":"https:\/\/sectorprensa.com.ar\/index.php?rest_route=%2Fwp%2Fv2%2Fcategories&post=38706"},{"taxonomy":"post_tag","embeddable":true,"href":"https:\/\/sectorprensa.com.ar\/index.php?rest_route=%2Fwp%2Fv2%2Ftags&post=38706"}],"curies":[{"name":"wp","href":"https:\/\/api.w.org\/{rel}","templated":true}]}}