{"id":38760,"date":"2022-01-01T15:00:20","date_gmt":"2022-01-01T18:00:20","guid":{"rendered":"https:\/\/sectorprensa.com.ar\/?p=38760"},"modified":"2022-01-17T15:21:54","modified_gmt":"2022-01-17T18:21:54","slug":"midland-un-ano-para-el-olvido-pero-con-un-recambio-que-promete","status":"publish","type":"post","link":"https:\/\/sectorprensa.com.ar\/?p=38760","title":{"rendered":"MIDLAND: UN A\u00d1O PARA EL OLVIDO, PERO CON UN RECAMBIO QUE PROMETE"},"content":{"rendered":"<h6><strong>El Funebrero tuvo un a\u00f1o para el olvido, sin ascenso, sin Reducido y sin Copa Argentina. Sin embargo, con la dupla t\u00e9cnica y la llegada de nuevos refuerzos genera expectativa.<\/strong><\/h6>\n<p><!--more--><\/p>\n<p>Cambios de directores t\u00e9cnicos, jugadores que llegaron y otros que se marcharon, y un rendimiento que no fue el esperado. El a\u00f1o de Midland promet\u00eda, incluso hab\u00eda ilusi\u00f3n en lograr el ascenso o alcanzar la clasificaci\u00f3n a la Copa Argentina, pero no fue as\u00ed.<\/p>\n<p>El Funebrero comenz\u00f3 el Apertura con cuatro victorias al hilo, pero la derrota con Alem termin\u00f3 siendo un golpe que inici\u00f3 la ca\u00edda de los dirigidos por Rodrigo Bilbao en ese momento, un DT que supo salvar del descenso al club y llevarlo a semifinales del Reducido en 2017.<\/p>\n<p>Los resultados no acompa\u00f1aron y Bilbao decidi\u00f3 dejar su cargo, su reemplazo fue Oscar Mena. Con el ex Luj\u00e1n, tampoco pudo enderezar y el conjunto de Libertad finaliz\u00f3 la primera mitad de la temporada en el 14\u00ba lugar con 19 unidades.<\/p>\n<p>Para el Torneo Clausura, Mena peg\u00f3 el portazo en la cuarta fecha. Luego, lleg\u00f3 la dupla Modolo-Orsini para tomar las riendas del equipo. Si bien s\u00f3lo consiguieron 17 puntos al final del certamen, quedando 17\u00ba (en la general se ubicaron 16\u00ba con 36 unidades), ahora tendr\u00e1n la oportunidad de armar su once ideal. Con un refuerzo de jerarqu\u00eda como Dami\u00e1n Salvatierra, m\u00e1s otros que est\u00e1n al caer, y el trabajo hecho Centro Espa\u00f1ol, el hincha conf\u00eda en los entrenadores para hacer una buena campa\u00f1a.<\/p>\n<p>Por otra parte, aunque el a\u00f1o haya sido negativo en Midland, hubo jugadores que se destacaron. Uno de ellos fue Juan Cruz Vera Borda, hoy en el CADU. El \u00abPuri\u00bb, culmin\u00f3 como el goleador del elenco del Cementerio con 9 goles.<br \/>\nOtro de los grandes desempe\u00f1os fue el de Imanol Varela, delantero que tambi\u00e9n dej\u00f3 la instituci\u00f3n semanas atr\u00e1s. El m\u00e1s desequilibrante en la zona ofensiva, anot\u00f3 5 tantos en la temporada.<\/p>\n","protected":false},"excerpt":{"rendered":"<p>El Funebrero tuvo un a\u00f1o para el olvido, sin ascenso, sin Reducido y sin Copa Argentina. Sin embargo, con la<\/p>\n","protected":false},"author":1,"featured_media":38761,"comment_status":"closed","ping_status":"open","sticky":false,"template":"","format":"standard","meta":{"colormag_page_container_layout":"default_layout","colormag_page_sidebar_layout":"default_layout","footnotes":""},"categories":[11],"tags":[89,91],"class_list":["post-38760","post","type-post","status-publish","format-standard","has-post-thumbnail","hentry","category-deportes","tag-midland","tag-primera-c"],"_links":{"self":[{"href":"https:\/\/sectorprensa.com.ar\/index.php?rest_route=\/wp\/v2\/posts\/38760","targetHints":{"allow":["GET"]}}],"collection":[{"href":"https:\/\/sectorprensa.com.ar\/index.php?rest_route=\/wp\/v2\/posts"}],"about":[{"href":"https:\/\/sectorprensa.com.ar\/index.php?rest_route=\/wp\/v2\/types\/post"}],"author":[{"embeddable":true,"href":"https:\/\/sectorprensa.com.ar\/index.php?rest_route=\/wp\/v2\/users\/1"}],"replies":[{"embeddable":true,"href":"https:\/\/sectorprensa.com.ar\/index.php?rest_route=%2Fwp%2Fv2%2Fcomments&post=38760"}],"version-history":[{"count":1,"href":"https:\/\/sectorprensa.com.ar\/index.php?rest_route=\/wp\/v2\/posts\/38760\/revisions"}],"predecessor-version":[{"id":38762,"href":"https:\/\/sectorprensa.com.ar\/index.php?rest_route=\/wp\/v2\/posts\/38760\/revisions\/38762"}],"wp:featuredmedia":[{"embeddable":true,"href":"https:\/\/sectorprensa.com.ar\/index.php?rest_route=\/wp\/v2\/media\/38761"}],"wp:attachment":[{"href":"https:\/\/sectorprensa.com.ar\/index.php?rest_route=%2Fwp%2Fv2%2Fmedia&parent=38760"}],"wp:term":[{"taxonomy":"category","embeddable":true,"href":"https:\/\/sectorprensa.com.ar\/index.php?rest_route=%2Fwp%2Fv2%2Fcategories&post=38760"},{"taxonomy":"post_tag","embeddable":true,"href":"https:\/\/sectorprensa.com.ar\/index.php?rest_route=%2Fwp%2Fv2%2Ftags&post=38760"}],"curies":[{"name":"wp","href":"https:\/\/api.w.org\/{rel}","templated":true}]}}