{"id":38773,"date":"2021-12-28T08:00:29","date_gmt":"2021-12-28T11:00:29","guid":{"rendered":"https:\/\/sectorprensa.com.ar\/?p=38773"},"modified":"2021-12-27T15:00:19","modified_gmt":"2021-12-27T18:00:19","slug":"papa-noel-entrego-juguetes-a-ninos-en-el-hospital-materno-infantil-de-san-isidro","status":"publish","type":"post","link":"https:\/\/sectorprensa.com.ar\/?p=38773","title":{"rendered":"PAP\u00c1 NOEL ENTREG\u00d3 JUGUETES A NI\u00d1OS EN EL HOSPITAL MATERNO INFANTIL DE SAN ISIDRO"},"content":{"rendered":"<h6><strong>La concejal Macarena Posse estuvo presente en el lugar y dijo que \u201cla sonrisa de los ni\u00f1os al ver a Pap\u00e1 Noel es emocionante\u201d.<\/strong><\/h6>\n<p><!--more--><\/p>\n<p>Momentos de felicidad se vivieron en las \u00faltimas horas en las \u00e1reas de oncolog\u00eda e internaci\u00f3n con la llegada de Pap\u00e1 Noel que junto a m\u00e9dicos y funcionarios recorri\u00f3 el Hospital de mayor complejidad de la zona norte.<\/p>\n<p>Como todos los a\u00f1os cuando se acerca navidad, en el Hospital Materno Infantil de San Isidro Pap\u00e1 Noel entrega juguetes a los chicos y chicas internados.<\/p>\n<p>La felicidad de los ni\u00f1os y ni\u00f1as al ver a Pap\u00e1 Noel y recibir regalos fue inmensa. As\u00ed lo reflejaban sus caras y sonrisas. Se trata de una movida solidaria que organiz\u00f3 Acci\u00f3n Social, Salud P\u00fablica, ONGS, vecinos, el gremio del Turf y la Filial Boca Juniors del distrito.<\/p>\n<p>Particip\u00f3 de la emotiva recorrida la concejal Macarena Posse, quien cont\u00f3: \u201cNos llena de alegr\u00eda poder realizar esta actividad todos los a\u00f1os porque ver la sonrisa de los ni\u00f1os al ver a Pap\u00e1 Noel es emocionante\u201d.<\/p>\n<p>Tambi\u00e9n estuvieron presentes en la recorrida Ticiana La M\u00f3nica, subsecretar\u00eda de Acci\u00f3n Social, autoridades del Materno Infantil como los doctores Pablo Moreno, Marcelo Suarez y Laura Viaggio. \u201cEs un momento de gran alegr\u00eda para los chicos que est\u00e1n internados. Este tipo de acciones suman mucho\u201d, coincidieron.<\/p>\n<blockquote class=\"wp-embedded-content\" data-secret=\"nvqdfH33by\"><p><a href=\"https:\/\/sectorprensa.com.ar\/el-municipio-de-san-isidro-repartira-bolsas-navidenas-para-barrios-vulnerables\/\">EL MUNICIPIO DE SAN ISIDRO REPARTIR\u00c1 BOLSAS NAVIDE\u00d1AS PARA BARRIOS VULNERABLES<\/a><\/p><\/blockquote>\n<p><iframe loading=\"lazy\" class=\"wp-embedded-content\" sandbox=\"allow-scripts\" security=\"restricted\" style=\"position: absolute; clip: rect(1px, 1px, 1px, 1px);\" title=\"&#8220;EL MUNICIPIO DE SAN ISIDRO REPARTIR\u00c1 BOLSAS NAVIDE\u00d1AS PARA BARRIOS VULNERABLES&#8221; &#8212; SECTOR PRENSA\" src=\"https:\/\/sectorprensa.com.ar\/el-municipio-de-san-isidro-repartira-bolsas-navidenas-para-barrios-vulnerables\/embed\/#?secret=nvqdfH33by\" data-secret=\"nvqdfH33by\" width=\"600\" height=\"338\" frameborder=\"0\" marginwidth=\"0\" marginheight=\"0\" scrolling=\"no\"><\/iframe><\/p>\n","protected":false},"excerpt":{"rendered":"<p>La concejal Macarena Posse estuvo presente en el lugar y dijo que \u201cla sonrisa de los ni\u00f1os al ver a<\/p>\n","protected":false},"author":1,"featured_media":38774,"comment_status":"closed","ping_status":"open","sticky":false,"template":"","format":"standard","meta":{"colormag_page_container_layout":"default_layout","colormag_page_sidebar_layout":"default_layout","footnotes":""},"categories":[17,10],"tags":[5909,816,5470,818,2518],"class_list":["post-38773","post","type-post","status-publish","format-standard","has-post-thumbnail","hentry","category-destacadas","category-sociedad","tag-hospital-materno-infantil-de-san-isidro","tag-juguetes","tag-ninos","tag-papa-noel","tag-regalos"],"_links":{"self":[{"href":"https:\/\/sectorprensa.com.ar\/index.php?rest_route=\/wp\/v2\/posts\/38773","targetHints":{"allow":["GET"]}}],"collection":[{"href":"https:\/\/sectorprensa.com.ar\/index.php?rest_route=\/wp\/v2\/posts"}],"about":[{"href":"https:\/\/sectorprensa.com.ar\/index.php?rest_route=\/wp\/v2\/types\/post"}],"author":[{"embeddable":true,"href":"https:\/\/sectorprensa.com.ar\/index.php?rest_route=\/wp\/v2\/users\/1"}],"replies":[{"embeddable":true,"href":"https:\/\/sectorprensa.com.ar\/index.php?rest_route=%2Fwp%2Fv2%2Fcomments&post=38773"}],"version-history":[{"count":1,"href":"https:\/\/sectorprensa.com.ar\/index.php?rest_route=\/wp\/v2\/posts\/38773\/revisions"}],"predecessor-version":[{"id":38775,"href":"https:\/\/sectorprensa.com.ar\/index.php?rest_route=\/wp\/v2\/posts\/38773\/revisions\/38775"}],"wp:featuredmedia":[{"embeddable":true,"href":"https:\/\/sectorprensa.com.ar\/index.php?rest_route=\/wp\/v2\/media\/38774"}],"wp:attachment":[{"href":"https:\/\/sectorprensa.com.ar\/index.php?rest_route=%2Fwp%2Fv2%2Fmedia&parent=38773"}],"wp:term":[{"taxonomy":"category","embeddable":true,"href":"https:\/\/sectorprensa.com.ar\/index.php?rest_route=%2Fwp%2Fv2%2Fcategories&post=38773"},{"taxonomy":"post_tag","embeddable":true,"href":"https:\/\/sectorprensa.com.ar\/index.php?rest_route=%2Fwp%2Fv2%2Ftags&post=38773"}],"curies":[{"name":"wp","href":"https:\/\/api.w.org\/{rel}","templated":true}]}}