{"id":39040,"date":"2022-01-10T11:47:47","date_gmt":"2022-01-10T14:47:47","guid":{"rendered":"https:\/\/sectorprensa.com.ar\/?p=39040"},"modified":"2022-01-17T15:20:10","modified_gmt":"2022-01-17T18:20:10","slug":"ola-de-calor-en-la-provincia-se-esperan-temperaturas-que-rondaran-los-40o","status":"publish","type":"post","link":"https:\/\/sectorprensa.com.ar\/?p=39040","title":{"rendered":"OLA DE CALOR EN LA PROVINCIA: SE ESPERAN TEMPERATURAS QUE RONDAR\u00c1N LOS 40\u00ba"},"content":{"rendered":"<h6><strong>El Servicio Meteorol\u00f3gico Nacional advirti\u00f3 que esta semana ser\u00e1 muy calurosa en varios puntos del pa\u00eds. Mir\u00e1 las recomendaciones ante las altas temperaturas.<\/strong><\/h6>\n<p><!--more--><\/p>\n<p>Para esta semana el Servicio Meteorol\u00f3gico Nacional (SMN) anunci\u00f3 un aumento notable de la temperatura en diversas regiones del pa\u00eds, entre ellas la provincia de Buenos Aires.<\/p>\n<p>Entre 35 y 40 grados es lo que se prev\u00e9 marcar\u00e1n los term\u00f3metros hasta el pr\u00f3ximo fin de semana en el \u00c1rea Metropolitana, lo que hace a una real ola de calor, a la cual se la define cuando por 72 horas la m\u00ednima es de al menos 22 y la m\u00e1xima est\u00e1 por encima de los 32,3.<\/p>\n<p><strong>PRON\u00d3STICO PARA ESTA SEMANA EN EL \u00c1REA METROPOLITANA DE BUENOS AIRES (AMBA):<\/strong><\/p>\n<p>Este lunes el cielo estar\u00e1 algo nublado y comenzar\u00e1 a elevarse la temperatura, con una m\u00ednima de 23 grados y una m\u00e1xima de 35. Para el martes el SMN anticipa cielo algo nublado y una temperatura m\u00ednima estimada en 24 y una m\u00e1xima que alcanzar\u00e1 los 38.<\/p>\n<p>El mi\u00e9rcoles se prev\u00e9 cielo algo nublado durante toda la jornada, con marcas que oscilar\u00e1n entre los 24 y 34 grados. Un d\u00eda despu\u00e9s, el jueves, la temperatura subir\u00e1, con 25 de m\u00ednima y 38 de m\u00e1xima.<\/p>\n<p>Por \u00faltimo, el viernes, se prev\u00e9 ser\u00e1 el d\u00eda m\u00e1s caluroso de la semana, ya que habr\u00e1 26 grados de m\u00ednima y 39 de m\u00e1xima, con cielo parcialmente nublado.<\/p>\n<p><strong>RECOMENDACIONES PARA AFRONTAR LAS ALTAS TEMPERATURAS<\/strong><\/p>\n<ul>\n<li>Aumentar el consumo de l\u00edquidos sin esperar a tener sed para mantener una hidrataci\u00f3n adecuada.<\/li>\n<li>No exponerse al sol en exceso, ni en horas centrales del d\u00eda (entre las 11 y las 17 horas).<\/li>\n<li>Evitar las bebidas alcoh\u00f3licas o muy azucaradas.<\/li>\n<li>Evitar comidas muy abundantes; ingerir verduras y frutas.<\/li>\n<li>Reducir la actividad f\u00edsica.<\/li>\n<li>Usar ropa ligera, holgada y de colores claros; sombrero, anteojos oscuros.<\/li>\n<li>Permanecer en espacios ventilados o acondicionados.<\/li>\n<li>Recordar que no existe un tratamiento farmacol\u00f3gico contra el Golpe de Calor y s\u00f3lo los m\u00e9todos cl\u00e1sicos, citados arriba, pueden prevenirlo y contrarrestarlo.<\/li>\n<\/ul>\n<blockquote class=\"wp-embedded-content\" data-secret=\"h698TZkC4k\"><p><a href=\"https:\/\/sectorprensa.com.ar\/lanzan-el-festival-de-actividades-mejor-verano\/\">LANZAN EL FESTIVAL DE ACTIVIDADES MEJOR VERANO<\/a><\/p><\/blockquote>\n<p><iframe loading=\"lazy\" class=\"wp-embedded-content\" sandbox=\"allow-scripts\" security=\"restricted\" style=\"position: absolute; clip: rect(1px, 1px, 1px, 1px);\" title=\"&#8220;LANZAN EL FESTIVAL DE ACTIVIDADES MEJOR VERANO&#8221; &#8212; SECTOR PRENSA\" src=\"https:\/\/sectorprensa.com.ar\/lanzan-el-festival-de-actividades-mejor-verano\/embed\/#?secret=h698TZkC4k\" data-secret=\"h698TZkC4k\" width=\"600\" height=\"338\" frameborder=\"0\" marginwidth=\"0\" marginheight=\"0\" scrolling=\"no\"><\/iframe><\/p>\n","protected":false},"excerpt":{"rendered":"<p>El Servicio Meteorol\u00f3gico Nacional advirti\u00f3 que esta semana ser\u00e1 muy calurosa en varios puntos del pa\u00eds. Mir\u00e1 las recomendaciones ante<\/p>\n","protected":false},"author":1,"featured_media":39041,"comment_status":"closed","ping_status":"open","sticky":false,"template":"","format":"standard","meta":{"colormag_page_container_layout":"default_layout","colormag_page_sidebar_layout":"default_layout","footnotes":""},"categories":[1,18,10],"tags":[5559,5947,5946,2386],"class_list":["post-39040","post","type-post","status-publish","format-standard","has-post-thumbnail","hentry","category-destacado","category-provincia","category-sociedad","tag-calor","tag-servicio-meteorologico-nacional","tag-temperaturas","tag-verano"],"_links":{"self":[{"href":"https:\/\/sectorprensa.com.ar\/index.php?rest_route=\/wp\/v2\/posts\/39040","targetHints":{"allow":["GET"]}}],"collection":[{"href":"https:\/\/sectorprensa.com.ar\/index.php?rest_route=\/wp\/v2\/posts"}],"about":[{"href":"https:\/\/sectorprensa.com.ar\/index.php?rest_route=\/wp\/v2\/types\/post"}],"author":[{"embeddable":true,"href":"https:\/\/sectorprensa.com.ar\/index.php?rest_route=\/wp\/v2\/users\/1"}],"replies":[{"embeddable":true,"href":"https:\/\/sectorprensa.com.ar\/index.php?rest_route=%2Fwp%2Fv2%2Fcomments&post=39040"}],"version-history":[{"count":1,"href":"https:\/\/sectorprensa.com.ar\/index.php?rest_route=\/wp\/v2\/posts\/39040\/revisions"}],"predecessor-version":[{"id":39042,"href":"https:\/\/sectorprensa.com.ar\/index.php?rest_route=\/wp\/v2\/posts\/39040\/revisions\/39042"}],"wp:featuredmedia":[{"embeddable":true,"href":"https:\/\/sectorprensa.com.ar\/index.php?rest_route=\/wp\/v2\/media\/39041"}],"wp:attachment":[{"href":"https:\/\/sectorprensa.com.ar\/index.php?rest_route=%2Fwp%2Fv2%2Fmedia&parent=39040"}],"wp:term":[{"taxonomy":"category","embeddable":true,"href":"https:\/\/sectorprensa.com.ar\/index.php?rest_route=%2Fwp%2Fv2%2Fcategories&post=39040"},{"taxonomy":"post_tag","embeddable":true,"href":"https:\/\/sectorprensa.com.ar\/index.php?rest_route=%2Fwp%2Fv2%2Ftags&post=39040"}],"curies":[{"name":"wp","href":"https:\/\/api.w.org\/{rel}","templated":true}]}}