{"id":39092,"date":"2022-01-12T10:00:02","date_gmt":"2022-01-12T13:00:02","guid":{"rendered":"https:\/\/sectorprensa.com.ar\/?p=39092"},"modified":"2022-01-17T15:19:43","modified_gmt":"2022-01-17T18:19:43","slug":"ola-de-calor-como-cuidar-a-las-mascotas-ante-las-altas-temperaturas","status":"publish","type":"post","link":"https:\/\/sectorprensa.com.ar\/?p=39092","title":{"rendered":"OLA DE CALOR: C\u00d3MO CUIDAR A LAS MASCOTAS ANTE LAS ALTAS TEMPERATURAS"},"content":{"rendered":"<h6><strong>Perros y gatos pueden tener golpes de calor. \u00bfQu\u00e9 recaudos tomar para protegerlos de las altas temperaturas?<\/strong><\/h6>\n<p><!--more--><\/p>\n<p>Se vive una ola de calor con temperaturas que superan los 40\u00ba en varios puntos del pa\u00eds. Por ese motivo, Sector Prensa inform\u00f3 sobre las recomendaciones para afrontar este fen\u00f3meno y en esta oportunidad informaremos sobre c\u00f3mo sufren las mascotas las altas temperaturas, que son m\u00e1s vulnerables que los humanos en estas situaciones, ya que no cuentan con la misma capacidad de eliminar el calor corporal, sino que deben perder calor, fundamentalmente, a trav\u00e9s de la respiraci\u00f3n y el jadeo.<\/p>\n<p><strong>C\u00f3mo afecta el calor a las mascotas<\/strong><\/p>\n<p>Los perros y los gatos carecen del mecanismo compensador de temperatura que es la transpiraci\u00f3n. \u201cEs una especie de ducha de adentro hacia afuera: el agua captura el calor del cuerpo, bajando o manteniendo la temperatura constante, porque el agua es la sustancia natural de mayor calor espec\u00edfico, es decir, con mayor capacidad de capturar calor sin elevar la temperatura\u201d, explic\u00f3 a GO Noticias el doctor Juan Enrique Romero, m\u00e9dico veterinario especialista en cl\u00ednica de animales peque\u00f1os.<\/p>\n<p>Adem\u00e1s, aclar\u00f3 que \u201cel calor act\u00faa sobre los animales, que tienden a conservar su temperatura constante de manera especial, afectando los mecanismos de termorregulaci\u00f3n. Tanto el perro como el gato no sudan. En el caso del perro existe el jadeo, que es el primer mecanismo, junto con la dilataci\u00f3n de la lengua (que aumenta de tama\u00f1o hasta el doble de volumen porque se llena de sangre)\u201d.<\/p>\n<p><strong>C\u00f3mo proteger a los animales del calor<\/strong><\/p>\n<p>Hay algunas indicaciones sobre c\u00f3mo proteger a las mascotas del calor que son comunes para todos los animales, como mantener la provisi\u00f3n de agua fresca y procurarles espacios de sombra para descansar. Pero perros y gatos no son iguales, y para cada uno hay distintas cosas a tener en cuenta.<\/p>\n<p>\u201cLo mejor que podemos hacer es no molestarlos, no atarlos, dejarlos que elijan el lugar m\u00e1s fresco de la casa\u201d, indic\u00f3 Romero. \u201cY si podemos ayudarlos con ventilador y aire acondicionado mejor, porque lo van a elegir sin dudas\u201d.<\/p>\n<p><strong>Perros y calor<\/strong><\/p>\n<p>La incapacidad de los perros de autorregular la temperatura \u201cse agrava con los perros \u00f1atos, como el bulldog franc\u00e9s e ingl\u00e9s, su capacidad compensatoria del calor es mucho menor\u201d, advirti\u00f3 el doctor Romero.<\/p>\n<p>En cuanto a los perros en general, sugiri\u00f3:<\/p>\n<ul>\n<li>No atarlos y dejarlos elegir el lugar donde quieran estar.<\/li>\n<li>No someterlos a ejercicios inadecuados en horarios centrales del d\u00eda.<\/li>\n<li>Pasear con mesura y eligiendo la ma\u00f1ana bien temprano o el atardecer.<\/li>\n<li>Nunca dejarlos en el auto cuando se va a hacer un mandado, ya que el aumento de la temperatura dentro de un veh\u00edculo es mucho m\u00e1s r\u00e1pido. Al cabo de una hora al sol los asientos de los coches pueden superar incluso los 60\u00ba C.<\/li>\n<\/ul>\n<p><strong>Gatos y calor<\/strong><\/p>\n<p>\u201cVeremos que los gatos con calor se lamen mucho m\u00e1s. Su ducha tiene que ver con cubrirse con saliva todo el cuerpo\u201d, indic\u00f3 Romero sobre los gatos.<\/p>\n<p>Y recomend\u00f3:<\/p>\n<ul>\n<li>Dejarle agua a disposici\u00f3n en varias ofertas. No necesariamente helada sino fresca y renovada.<\/li>\n<li>Dejarlos hacer a su aire y que busquen un lugar.<\/li>\n<li>No molestarlos en horarios inadecuados.<\/li>\n<li>Mientras menos se muevan mejor van a compensar la temperatura.<\/li>\n<\/ul>\n<p><strong>Qu\u00e9 hacer ante un golpe de calor con un perro o un gato<\/strong><\/p>\n<p>El doctor Romero remarc\u00f3 que el golpe de calor es una situaci\u00f3n de emergencia y urgencia. Temperatura elevada, mucosas de un color rojo intenso o granate, jadeo excesivo, debilidad, v\u00f3mitos o incluso convulsiones son sus s\u00edntomas principales y, ante ellos, hay que acudir urgentemente a un centro veterinario.<\/p>\n<p>\u201cEs el colapso de los mecanismos de termorregulaci\u00f3n, que puede ser fatal si no se recurre al auxilio m\u00e9dico veterinario. No hay que ir al veterinario de confianza, sino al primero que se pueda encontrar\u201d, aclar\u00f3.<\/p>\n<p>Seg\u00fan enumer\u00f3, hay que prestar atenci\u00f3n si la mascota se encuentra en un estado de estupor: \u201cSi est\u00e1 como atontado, se tambalea, tiene mucosas inyectadas en sangre, o taquicardia, urgente lo llevamos al veterinario\u201d.<\/p>\n<p>El experto tambi\u00e9n indic\u00f3 que para refrescar a las mascotas se les puede mojar la cabeza, y que no es necesario cortarles el pelo.<\/p>\n<p>\u201cNo pelemos a los animales pensando que (el pelo) les da calor. Tienen muda estacional, en verano pierden pelo y ese microclima que se genera en esa capa es la que les permite compensar la temperatura mejor que estando pelados\u201d, explic\u00f3.<\/p>\n<blockquote class=\"wp-embedded-content\" data-secret=\"lvSLJa6jCL\"><p><a href=\"https:\/\/sectorprensa.com.ar\/ola-de-calor-en-la-provincia-se-esperan-temperaturas-que-rondaran-los-40o\/\">OLA DE CALOR EN LA PROVINCIA: SE ESPERAN TEMPERATURAS QUE RONDAR\u00c1N LOS 40\u00ba<\/a><\/p><\/blockquote>\n<p><iframe loading=\"lazy\" class=\"wp-embedded-content\" sandbox=\"allow-scripts\" security=\"restricted\" style=\"position: absolute; clip: rect(1px, 1px, 1px, 1px);\" title=\"&#8220;OLA DE CALOR EN LA PROVINCIA: SE ESPERAN TEMPERATURAS QUE RONDAR\u00c1N LOS 40\u00ba&#8221; &#8212; SECTOR PRENSA\" src=\"https:\/\/sectorprensa.com.ar\/ola-de-calor-en-la-provincia-se-esperan-temperaturas-que-rondaran-los-40o\/embed\/#?secret=lvSLJa6jCL\" data-secret=\"lvSLJa6jCL\" width=\"600\" height=\"338\" frameborder=\"0\" marginwidth=\"0\" marginheight=\"0\" scrolling=\"no\"><\/iframe><\/p>\n","protected":false},"excerpt":{"rendered":"<p>Perros y gatos pueden tener golpes de calor. \u00bfQu\u00e9 recaudos tomar para protegerlos de las altas temperaturas?<\/p>\n","protected":false},"author":1,"featured_media":39093,"comment_status":"closed","ping_status":"open","sticky":false,"template":"","format":"standard","meta":{"colormag_page_container_layout":"default_layout","colormag_page_sidebar_layout":"default_layout","footnotes":""},"categories":[17,10],"tags":[2966,5956],"class_list":["post-39092","post","type-post","status-publish","format-standard","has-post-thumbnail","hentry","category-destacadas","category-sociedad","tag-mascotas","tag-ola-de-calor"],"_links":{"self":[{"href":"https:\/\/sectorprensa.com.ar\/index.php?rest_route=\/wp\/v2\/posts\/39092","targetHints":{"allow":["GET"]}}],"collection":[{"href":"https:\/\/sectorprensa.com.ar\/index.php?rest_route=\/wp\/v2\/posts"}],"about":[{"href":"https:\/\/sectorprensa.com.ar\/index.php?rest_route=\/wp\/v2\/types\/post"}],"author":[{"embeddable":true,"href":"https:\/\/sectorprensa.com.ar\/index.php?rest_route=\/wp\/v2\/users\/1"}],"replies":[{"embeddable":true,"href":"https:\/\/sectorprensa.com.ar\/index.php?rest_route=%2Fwp%2Fv2%2Fcomments&post=39092"}],"version-history":[{"count":1,"href":"https:\/\/sectorprensa.com.ar\/index.php?rest_route=\/wp\/v2\/posts\/39092\/revisions"}],"predecessor-version":[{"id":39094,"href":"https:\/\/sectorprensa.com.ar\/index.php?rest_route=\/wp\/v2\/posts\/39092\/revisions\/39094"}],"wp:featuredmedia":[{"embeddable":true,"href":"https:\/\/sectorprensa.com.ar\/index.php?rest_route=\/wp\/v2\/media\/39093"}],"wp:attachment":[{"href":"https:\/\/sectorprensa.com.ar\/index.php?rest_route=%2Fwp%2Fv2%2Fmedia&parent=39092"}],"wp:term":[{"taxonomy":"category","embeddable":true,"href":"https:\/\/sectorprensa.com.ar\/index.php?rest_route=%2Fwp%2Fv2%2Fcategories&post=39092"},{"taxonomy":"post_tag","embeddable":true,"href":"https:\/\/sectorprensa.com.ar\/index.php?rest_route=%2Fwp%2Fv2%2Ftags&post=39092"}],"curies":[{"name":"wp","href":"https:\/\/api.w.org\/{rel}","templated":true}]}}