{"id":39215,"date":"2022-01-17T16:08:52","date_gmt":"2022-01-17T19:08:52","guid":{"rendered":"https:\/\/sectorprensa.com.ar\/?p=39215"},"modified":"2022-01-17T16:22:56","modified_gmt":"2022-01-17T19:22:56","slug":"midland-caras-nuevas-y-varias-bajas","status":"publish","type":"post","link":"https:\/\/sectorprensa.com.ar\/?p=39215","title":{"rendered":"MIDLAND: CARAS NUEVAS Y VARIAS BAJAS"},"content":{"rendered":"<h6><strong>El Funebrero estuvo muy activo en este mercado de pases y sum\u00f3 varios refuerzos. Por otra parte, ya conoce su fixture y disput\u00f3 un amistoso.<\/strong><\/h6>\n<p><!--more--><\/p>\n<p>Midland quiere revertir lo hecho en la \u00faltima temporada, y para eso se rearma. En este mercado de pases el Funebrero se vio muy activo, llegaron nueve jugadores, aunque tambi\u00e9n sufri\u00f3 varias bajas. Repasamos las nuevas caras y las salidas.<\/p>\n<p>El primero en arribar a Libertad fue Dami\u00e1n Salvatierra, delantero proveniente de Acassuso, luego lo siguieron: Ignacio Ruano (volante, ex Talleres de Remedios de Escalada), Juan Bautista S\u00e1nchez de Le\u00f3n (defensor, ex Real Pilar), Luis Jurchesen -foto- (volante, ex Atlas), Jonathan Irala (volante, ex El Porvenir), Fernando Roy M\u00e1rquez (volante, ex Liniers de Bah\u00eda Blanca), Joaqu\u00edn Vignati (volante, ex Hurac\u00e1n), Germ\u00e1n Cheppi (arquero, ex Alem) y Germ\u00e1n Mendoza (defensor, ex Ferro de General Pico de La Pampa).<\/p>\n<p>&nbsp;<\/p>\n<blockquote class=\"twitter-tweet\">\n<p dir=\"ltr\" lang=\"es\"><a href=\"https:\/\/twitter.com\/hashtag\/F%C3%BAtbol?src=hash&amp;ref_src=twsrc%5Etfw\">#F\u00fatbol<\/a><\/p>\n<p>Se sum\u00f3 uno m\u00e1s<\/p>\n<p>Fernando Roy M\u00e1rquez se convirti\u00f3 en refuerzo de <a href=\"https:\/\/twitter.com\/hashtag\/Midland?src=hash&amp;ref_src=twsrc%5Etfw\">#Midland<\/a>.<\/p>\n<p>El volante llega desde Liniers de Bah\u00eda Blanca.<\/p>\n<p>Le damos la bienvenida y le deseamos lo mejor! \u26aa?\u26aa <a href=\"https:\/\/t.co\/iK6Um0pWMN\">pic.twitter.com\/iK6Um0pWMN<\/a><\/p>\n<p>\u2014 Club Atl\u00e9tico Ferrocarril Midland(Desde ?) (@PrensaMidland) <a href=\"https:\/\/twitter.com\/PrensaMidland\/status\/1480920460263051267?ref_src=twsrc%5Etfw\">January 11, 2022<\/a><\/p><\/blockquote>\n<p><script async src=\"https:\/\/platform.twitter.com\/widgets.js\" charset=\"utf-8\"><\/script><\/p>\n<p>Con respecto a las bajas, dejaron el club los siguientes jugadores: Dami\u00e1n Santagati (Deportivo Espa\u00f1ol), Juan Cruz Vera Borda (CADU), Maximiliano Ant\u00fanez (General Lamadrid), Fernando Pascual (Sportivo Italiano), Diego C\u00f3rdoba (El Porvenir), Leonardo Cel\u00edn (Atlas), Andr\u00e9s Siena (San Mart\u00edn de Burzaco), Leonardo Dom\u00ednguez (El Porvenir), Alex Montero (Berazategui), Imanol Varela (jugar\u00e1 en el f\u00fatbol peruano), Nicol\u00e1s Pacio y Fernando Vega.<\/p>\n<p>Por otra parte, el equipo dirigido por la dupla Modolo-Orsini disput\u00f3 un doble encuentro amistoso el pasado s\u00e1bado ante un combinado de jugadores libres, culmin\u00f3 con victorias por 5-0 y 8-0.<\/p>\n<p style=\"text-align: center;\"><strong>FIXTURE DE LA PRIMERA C<\/strong><\/p>\n<p>El conjunto de Libertad ya conoce su fixture para este nuevo campeonato de la Primera C. Este ser\u00e1 el calendario:<\/p>\n<p>Fecha 1: vs. Deportivo Espa\u00f1ol (L)<\/p>\n<p>Fecha 2: Libre<\/p>\n<p>Fecha 3: vs. Liniers (V)<\/p>\n<p>Fecha 4: vs. Excursionistas (L)<\/p>\n<p>Fecha 5: vs. Atlas (V)<\/p>\n<p>Fecha 6: vs. Claypole (L)<\/p>\n<p>Fecha 7: vs. Victoriano Arenas (V)<\/p>\n<p>Fecha 8: vs. Luj\u00e1n (L)<\/p>\n<p>Fecha 9: vs. Deportivo Laferrere (V)<\/p>\n<p>Fecha 10: vs. Puerto Nuevo (L)<\/p>\n<p>Fecha 11: vs. Argentino de Merlo (V)<\/p>\n<p>Fecha 12: vs. Berazategui (L)<\/p>\n<p>Fecha 13: vs. General Lamadrid (V)<\/p>\n<p>Fecha 14: vs. Real Pilar (L)<\/p>\n<p>Fecha 15: vs. San Mart\u00edn de Burzaco (V)<\/p>\n<p>Fecha 16: vs. El Porvenir (L)<\/p>\n<p>Fecha 17: vs. Alem (V)<\/p>\n<p>Fecha 18: vs. Sportivo Italiano (L)<\/p>\n<p>Fecha 19: vs. Central C\u00f3rdoba (V)<\/p>\n<p><em><strong>Por: Ezequiel Olivera\u00a0<\/strong><\/em><\/p>\n","protected":false},"excerpt":{"rendered":"<p>El Funebrero estuvo muy activo en este mercado de pases y sum\u00f3 varios refuerzos. Por otra parte, ya conoce su<\/p>\n","protected":false},"author":1,"featured_media":39217,"comment_status":"closed","ping_status":"open","sticky":false,"template":"","format":"standard","meta":{"colormag_page_container_layout":"default_layout","colormag_page_sidebar_layout":"default_layout","footnotes":""},"categories":[11],"tags":[5766,89,852,91],"class_list":["post-39215","post","type-post","status-publish","format-standard","has-post-thumbnail","hentry","category-deportes","tag-mercado-de-pases","tag-midland","tag-pretemporada","tag-primera-c"],"_links":{"self":[{"href":"https:\/\/sectorprensa.com.ar\/index.php?rest_route=\/wp\/v2\/posts\/39215","targetHints":{"allow":["GET"]}}],"collection":[{"href":"https:\/\/sectorprensa.com.ar\/index.php?rest_route=\/wp\/v2\/posts"}],"about":[{"href":"https:\/\/sectorprensa.com.ar\/index.php?rest_route=\/wp\/v2\/types\/post"}],"author":[{"embeddable":true,"href":"https:\/\/sectorprensa.com.ar\/index.php?rest_route=\/wp\/v2\/users\/1"}],"replies":[{"embeddable":true,"href":"https:\/\/sectorprensa.com.ar\/index.php?rest_route=%2Fwp%2Fv2%2Fcomments&post=39215"}],"version-history":[{"count":4,"href":"https:\/\/sectorprensa.com.ar\/index.php?rest_route=\/wp\/v2\/posts\/39215\/revisions"}],"predecessor-version":[{"id":39232,"href":"https:\/\/sectorprensa.com.ar\/index.php?rest_route=\/wp\/v2\/posts\/39215\/revisions\/39232"}],"wp:featuredmedia":[{"embeddable":true,"href":"https:\/\/sectorprensa.com.ar\/index.php?rest_route=\/wp\/v2\/media\/39217"}],"wp:attachment":[{"href":"https:\/\/sectorprensa.com.ar\/index.php?rest_route=%2Fwp%2Fv2%2Fmedia&parent=39215"}],"wp:term":[{"taxonomy":"category","embeddable":true,"href":"https:\/\/sectorprensa.com.ar\/index.php?rest_route=%2Fwp%2Fv2%2Fcategories&post=39215"},{"taxonomy":"post_tag","embeddable":true,"href":"https:\/\/sectorprensa.com.ar\/index.php?rest_route=%2Fwp%2Fv2%2Ftags&post=39215"}],"curies":[{"name":"wp","href":"https:\/\/api.w.org\/{rel}","templated":true}]}}