{"id":39216,"date":"2022-01-17T15:38:16","date_gmt":"2022-01-17T18:38:16","guid":{"rendered":"https:\/\/sectorprensa.com.ar\/?p=39216"},"modified":"2022-01-17T15:38:16","modified_gmt":"2022-01-17T18:38:16","slug":"merlo-taller-de-memoria-para-adultos-mayores","status":"publish","type":"post","link":"https:\/\/sectorprensa.com.ar\/?p=39216","title":{"rendered":"MERLO: TALLER DE MEMORIA PARA ADULTOS MAYORES"},"content":{"rendered":"<h6><strong>Se dicta en la Escuela Municipal de Artes y Oficios todos los jueves en dos horarios matutinos. \u00a0<\/strong><\/h6>\n<p><!--more--><\/p>\n<p>Comenz\u00f3 el Taller de la Memoria, dirigido a las y los adultos mayores pertenecientes al partido de Merlo, esta iniciativa es llevada adelante desde la Secretar\u00eda de Desarrollo Social.<\/p>\n<p>El taller se dicta los d\u00edas jueves 9 y 11 horas en la Escuela Municipal de Artes y Oficios, ubicada en Chacabuco 1098, Merlo Centro y es dictado por la Lic. Mar\u00eda Fernanda Molgaray.<\/p>\n<p>El objetivo es estimular, fortalecer e incluso mejorar las habilidades de los mayores y a su vez que se les brinde un espacio de interacci\u00f3n y socializaci\u00f3n.<\/p>\n<p>Para m\u00e1s informaci\u00f3n acercarse a la Direcci\u00f3n de Adultos Mayores (Per\u00fa 842 \u2013 Merlo), o comunicarse al 0220 482-5394.<\/p>\n<blockquote class=\"wp-embedded-content\" data-secret=\"EA2em3m69S\"><p><a href=\"https:\/\/sectorprensa.com.ar\/ola-de-calor-merlo-fue-el-distrito-mas-caliente-del-conurbano\/\">OLA DE CALOR: MERLO FUE EL DISTRITO MAS CALIENTE DEL CONURBANO<\/a><\/p><\/blockquote>\n<p><iframe loading=\"lazy\" class=\"wp-embedded-content\" sandbox=\"allow-scripts\" security=\"restricted\" style=\"position: absolute; clip: rect(1px, 1px, 1px, 1px);\" title=\"&#8220;OLA DE CALOR: MERLO FUE EL DISTRITO MAS CALIENTE DEL CONURBANO&#8221; &#8212; SECTOR PRENSA\" src=\"https:\/\/sectorprensa.com.ar\/ola-de-calor-merlo-fue-el-distrito-mas-caliente-del-conurbano\/embed\/#?secret=EA2em3m69S\" data-secret=\"EA2em3m69S\" width=\"600\" height=\"338\" frameborder=\"0\" marginwidth=\"0\" marginheight=\"0\" scrolling=\"no\"><\/iframe><\/p>\n","protected":false},"excerpt":{"rendered":"<p>Se dicta en la Escuela Municipal de Artes y Oficios todos los jueves en dos horarios matutinos. \u00a0<\/p>\n","protected":false},"author":1,"featured_media":39218,"comment_status":"closed","ping_status":"open","sticky":false,"template":"","format":"standard","meta":{"colormag_page_container_layout":"default_layout","colormag_page_sidebar_layout":"default_layout","footnotes":""},"categories":[17,7,1173,10],"tags":[1127,25,5966],"class_list":["post-39216","post","type-post","status-publish","format-standard","has-post-thumbnail","hentry","category-destacadas","category-merlo","category-municipales","category-sociedad","tag-adultos-mayores","tag-merlo","tag-taller-de-memoria"],"_links":{"self":[{"href":"https:\/\/sectorprensa.com.ar\/index.php?rest_route=\/wp\/v2\/posts\/39216","targetHints":{"allow":["GET"]}}],"collection":[{"href":"https:\/\/sectorprensa.com.ar\/index.php?rest_route=\/wp\/v2\/posts"}],"about":[{"href":"https:\/\/sectorprensa.com.ar\/index.php?rest_route=\/wp\/v2\/types\/post"}],"author":[{"embeddable":true,"href":"https:\/\/sectorprensa.com.ar\/index.php?rest_route=\/wp\/v2\/users\/1"}],"replies":[{"embeddable":true,"href":"https:\/\/sectorprensa.com.ar\/index.php?rest_route=%2Fwp%2Fv2%2Fcomments&post=39216"}],"version-history":[{"count":1,"href":"https:\/\/sectorprensa.com.ar\/index.php?rest_route=\/wp\/v2\/posts\/39216\/revisions"}],"predecessor-version":[{"id":39219,"href":"https:\/\/sectorprensa.com.ar\/index.php?rest_route=\/wp\/v2\/posts\/39216\/revisions\/39219"}],"wp:featuredmedia":[{"embeddable":true,"href":"https:\/\/sectorprensa.com.ar\/index.php?rest_route=\/wp\/v2\/media\/39218"}],"wp:attachment":[{"href":"https:\/\/sectorprensa.com.ar\/index.php?rest_route=%2Fwp%2Fv2%2Fmedia&parent=39216"}],"wp:term":[{"taxonomy":"category","embeddable":true,"href":"https:\/\/sectorprensa.com.ar\/index.php?rest_route=%2Fwp%2Fv2%2Fcategories&post=39216"},{"taxonomy":"post_tag","embeddable":true,"href":"https:\/\/sectorprensa.com.ar\/index.php?rest_route=%2Fwp%2Fv2%2Ftags&post=39216"}],"curies":[{"name":"wp","href":"https:\/\/api.w.org\/{rel}","templated":true}]}}