{"id":39369,"date":"2022-01-21T09:00:31","date_gmt":"2022-01-21T12:00:31","guid":{"rendered":"https:\/\/sectorprensa.com.ar\/?p=39369"},"modified":"2022-01-20T15:27:59","modified_gmt":"2022-01-20T18:27:59","slug":"moreno-el-imdel-presento-el-resumen-de-politicas-industriales-del-2021","status":"publish","type":"post","link":"https:\/\/sectorprensa.com.ar\/?p=39369","title":{"rendered":"MORENO: EL IMDEL PRESENT\u00d3 EL RESUMEN DE POL\u00cdTICAS INDUSTRIALES DEL 2021"},"content":{"rendered":"<h6><strong>De la evaluaci\u00f3n resalta el crecimiento de actividad industrial morenense, as\u00ed como del comercio exterior, de la asistencia financiera y del desarrollo de nueva infraestructura en el sector industrial del distrito.<\/strong><\/h6>\n<p><!--more--><\/p>\n<p>El Municipio de Moreno, a trav\u00e9s de La Coordinaci\u00f3n de Industria y Comercio del Instituto Municipal de Desarrollo Econ\u00f3mico Local (IMDEL) present\u00f3 el resumen de gesti\u00f3n en sus \u00e1reas de competencia durante el a\u00f1o 2021, entre lo que se destaca la radicaci\u00f3n de empresas; la promoci\u00f3n industrial; la asistencia para parques industriales; rondas de negocios; el comercio exterior; el asesoramiento t\u00e9cnico interinstitucional; las capacitaciones y de asistencia financiera.<\/p>\n<p>Los resultados obtenidos durante este periodo dan cuenta del est\u00edmulo econ\u00f3mico en el territorio con la radicaci\u00f3n de 33 nuevas industrias en Moreno y 60 nuevos emprendimientos en el Parque Industrial Municipal 2, en tanto que 4 empresas: Cayi; Dismafar; Faip y Arbros obtuvieron el beneficio de la promoci\u00f3n industrial municipal.<\/p>\n<p>En cuanto a los Parques Industriales, los establecimientos ya son 12 en todo el territorio y fueron asistidos en diferentes tr\u00e1mites regulatorios relacionados a aquellos que a\u00fan no obtuvieron el decreto provincial, as\u00ed como tambi\u00e9n de las empresas emplazadas en ellos y para la radicaci\u00f3n de nuevas empresas.<\/p>\n<p>En relaci\u00f3n con las rondas de negocios se cont\u00f3 con la participaci\u00f3n de m\u00e1s de 100 empresas que asistieron de forma virtual a esta herramienta comercial de reuniones planificadas y dirigidas al Desarrollo de proveedores AYSA; a Parques y Corredores Industriales y a las Pymes mediante Virtual Encadenar.<\/p>\n<p>Asimismo, el \u00c1rea de Comercio Exterior de la Coordinaci\u00f3n promocion\u00f3 diferentes Programas destinados a peque\u00f1as y medianas empresas (Pymes) como el \u201cPrograma Desaf\u00edo Exportador\u201d dirigido hacia aquellas que poseen potencial exportador o que exporten de manera eventual con el objetivo de desarrollar o potenciar su oferta exportable y del que participaron las siguientes industrias: Industrias Petrola; M\u00e1quinas y Fuegos; Caim\u00e1n; Amoblamientos LaFont; Seiq Group; NPA; Parque Pampa (Tromen) y Tecnifos. Para el \u201cPrograma Innovar para Exportar\u201d que impulsa la innovaci\u00f3n e incorporaci\u00f3n de valor asisti\u00f3 la empresa Rapsa (Anclaflex).<\/p>\n<p>Tambi\u00e9n se realizaron Rondas de Negocios Internacionales \/ Inversas en las que se cont\u00f3 con la participaci\u00f3n de las siguientes empresas morenenses: Misi\u00f3n Comercial Virtual Alimentos dirigido al Sur de Brasil; Misi\u00f3n Comercial Virtual del sector Alimentos a Brasil; Ronda de negocios Retail (presencial) y Ronda de Negocios CAINCO (virtual).<\/p>\n<p>Por otra parte, se asesor\u00f3 el Asociativismo \u201cCluster\u201d lo que permite crear estrategias sofisticadas; reorganizar los recursos para el mejoramiento y la innovaci\u00f3n entre las empresas participaron Frey \u2013 Cooperativa de trabajo Cristina Cornou y Ciclo de capacitaci\u00f3n a cooperativa de trabajo (remalladora).<\/p>\n<p>Las capacitaciones para el sector fueron dirigidas hacia las distintas actividades concernientes a la transformaci\u00f3n digital, la gesti\u00f3n de calidad y a la competitividad; mediante video seminarios o video conferencias online dictados por la Universidad Tecnol\u00f3gica Nacional (UTN) y diferentes entidades que describimos a continuaci\u00f3n: WEBINAR REGIONAL: Aprender las bases de la transformaci\u00f3n digital \u2013 UTN; WEBINAR REGIONAL: Sistema de gesti\u00f3n de calidad para Pymes-UTN; Como crecer en la exportaci\u00f3n \u2013 Fundaci\u00f3n Banco Credicoop; Calidad para la competitividad \u2013 Walmart Argentina; E-logistic \u2013 Negocios virtuales entregas reales; Capacitaci\u00f3n en mejora empresarial y C\u00f3mo realizar el tr\u00e1mite para la radicaci\u00f3n de Industria en OPDS.<\/p>\n<p>Es importante destacar que tambi\u00e9n se brind\u00f3 asistencia t\u00e9cnica de articulaci\u00f3n interinstitucional mediante el Programa de cl\u00ednicas tecnol\u00f3gicas orientado a generar oportunidades para la innovaci\u00f3n tecnol\u00f3gica en las PyMEs industriales bonaerenses en el que se diagnostic\u00f3 y asisti\u00f3 a 17 industrias: Industrias Petrola; Frigor\u00edfico Rydhans; Fibertech; Arbros; Convex Corp; Electromac; Laboratorio Dr. Gray; Planeta Dulce; Amoblamientos La Font; M\u00e1quinas y Fuegos; Siamro; Cooperativa de Trabajo MM Dise\u00f1o y Construcci\u00f3n; E-falcom; Bascerano Log\u00edstica; Parque Pampa (Tromen); Redes y Comunicaciones Moreno y Industria Catalar.<\/p>\n<p>Adem\u00e1s, comenz\u00f3 a funcionar una ventanilla del Instituto Nacional de Tecnolog\u00eda Industrial (INTI) mediante la cual articul\u00f3 asistencia a 6 empresas: Frigor\u00edfico Rydhans; Toray; M\u00e1quinas y Fuegos; Ageplast; Cooperativa de trabajo MM Dise\u00f1o y Construcci\u00f3n y Parque Pampa (Tromen).<\/p>\n<p>Durante el 2021 se organizaron jornadas de financiamiento y trabajos de asistencia financiera para el acceso a subsidios y l\u00edneas de financiamiento a tasas competitivas con consultorios de financiamiento para Pymes; presentaci\u00f3n de instrumentos de financiamiento para empresas del BNA; jornada PAC Empresas y la creaci\u00f3n de Moreno Incuba.<\/p>\n<blockquote class=\"wp-embedded-content\" data-secret=\"ruMrP4BgWi\"><p><a href=\"https:\/\/sectorprensa.com.ar\/se-presentaron-los-resultados-preliminares-del-censo-agropecuario-en-cuartel-v\/\">SE PRESENTARON LOS RESULTADOS PRELIMINARES DEL CENSO AGROPECUARIO EN CUARTEL V<\/a><\/p><\/blockquote>\n<p><iframe loading=\"lazy\" class=\"wp-embedded-content\" sandbox=\"allow-scripts\" security=\"restricted\" style=\"position: absolute; clip: rect(1px, 1px, 1px, 1px);\" title=\"&#8220;SE PRESENTARON LOS RESULTADOS PRELIMINARES DEL CENSO AGROPECUARIO EN CUARTEL V&#8221; &#8212; SECTOR PRENSA\" src=\"https:\/\/sectorprensa.com.ar\/se-presentaron-los-resultados-preliminares-del-censo-agropecuario-en-cuartel-v\/embed\/#?secret=ruMrP4BgWi\" data-secret=\"ruMrP4BgWi\" width=\"600\" height=\"338\" frameborder=\"0\" marginwidth=\"0\" marginheight=\"0\" scrolling=\"no\"><\/iframe><\/p>\n","protected":false},"excerpt":{"rendered":"<p>De la evaluaci\u00f3n resalta el crecimiento de actividad industrial morenense, as\u00ed como del comercio exterior, de la asistencia financiera y<\/p>\n","protected":false},"author":1,"featured_media":39370,"comment_status":"closed","ping_status":"open","sticky":false,"template":"","format":"standard","meta":{"colormag_page_container_layout":"default_layout","colormag_page_sidebar_layout":"default_layout","footnotes":""},"categories":[17,2154,1173,10],"tags":[5935,437],"class_list":["post-39369","post","type-post","status-publish","format-standard","has-post-thumbnail","hentry","category-destacadas","category-moreno","category-municipales","category-sociedad","tag-imdel","tag-moreno"],"_links":{"self":[{"href":"https:\/\/sectorprensa.com.ar\/index.php?rest_route=\/wp\/v2\/posts\/39369","targetHints":{"allow":["GET"]}}],"collection":[{"href":"https:\/\/sectorprensa.com.ar\/index.php?rest_route=\/wp\/v2\/posts"}],"about":[{"href":"https:\/\/sectorprensa.com.ar\/index.php?rest_route=\/wp\/v2\/types\/post"}],"author":[{"embeddable":true,"href":"https:\/\/sectorprensa.com.ar\/index.php?rest_route=\/wp\/v2\/users\/1"}],"replies":[{"embeddable":true,"href":"https:\/\/sectorprensa.com.ar\/index.php?rest_route=%2Fwp%2Fv2%2Fcomments&post=39369"}],"version-history":[{"count":1,"href":"https:\/\/sectorprensa.com.ar\/index.php?rest_route=\/wp\/v2\/posts\/39369\/revisions"}],"predecessor-version":[{"id":39371,"href":"https:\/\/sectorprensa.com.ar\/index.php?rest_route=\/wp\/v2\/posts\/39369\/revisions\/39371"}],"wp:featuredmedia":[{"embeddable":true,"href":"https:\/\/sectorprensa.com.ar\/index.php?rest_route=\/wp\/v2\/media\/39370"}],"wp:attachment":[{"href":"https:\/\/sectorprensa.com.ar\/index.php?rest_route=%2Fwp%2Fv2%2Fmedia&parent=39369"}],"wp:term":[{"taxonomy":"category","embeddable":true,"href":"https:\/\/sectorprensa.com.ar\/index.php?rest_route=%2Fwp%2Fv2%2Fcategories&post=39369"},{"taxonomy":"post_tag","embeddable":true,"href":"https:\/\/sectorprensa.com.ar\/index.php?rest_route=%2Fwp%2Fv2%2Ftags&post=39369"}],"curies":[{"name":"wp","href":"https:\/\/api.w.org\/{rel}","templated":true}]}}