{"id":39743,"date":"2022-01-31T15:20:32","date_gmt":"2022-01-31T18:20:32","guid":{"rendered":"https:\/\/sectorprensa.com.ar\/?p=39743"},"modified":"2022-01-31T15:20:32","modified_gmt":"2022-01-31T18:20:32","slug":"nicolas-kreplak-planteo-utilizar-barbijos-de-mayor-calidad","status":"publish","type":"post","link":"https:\/\/sectorprensa.com.ar\/?p=39743","title":{"rendered":"NICOL\u00c1S KREPLAK PLANTE\u00d3 UTILIZAR BARBIJOS DE MAYOR CALIDAD"},"content":{"rendered":"<h6><strong>El Ministro de Salud bonaerense, pidi\u00f3 a la poblaci\u00f3n que se utilicen en lugar de los barbijos de tela. El objetivo es brindar mayor seguridad.<br \/>\n<\/strong><\/h6>\n<p><!--more--><\/p>\n<p>Nicol\u00e1s Kreplak, Ministro de Salud bonaerense, anticip\u00f3 que se encuentran trabajando para que el inicio de clases sea con presencialidad plena. Con respecto a la tercera ola de coronavirus, se mostr\u00f3 confiado en un descenso de casos en las pr\u00f3ximos. Adem\u00e1s, pidi\u00f3 utilizar barbijos de mayor calidad en lugar de los de tela, para brindar m\u00e1s seguridad.<\/p>\n<p>En comparaci\u00f3n con la semana anterior, los contagios por Covid-19 disminuyeron un 33%, seg\u00fan los datos aportados por el Ministerio de Salud. El funcionario manifest\u00f3 que la ca\u00edda comienza a verse y que se debe a que \u00ab\u00d3micron tiene un tiempo de incubaci\u00f3n m\u00e1s corto, sobre todo en las personas vacunadas se reduce a cinco d\u00edas la capacidad de contagio\u201d.<\/p>\n<p>\u201cHay una ca\u00edda r\u00e1pida de los casos, como hemos visto en el mundo con la variante \u00d3micron; se est\u00e1n reduciendo las internaciones en todo el pa\u00eds; la gente est\u00e1 llamando menos (para consultas por COVID-19)\u00bb, explic\u00f3.<\/p>\n<p>Sobre la situaci\u00f3n epidemiol\u00f3gica, se\u00f1al\u00f3: \u00abHabr\u00e1 que ver qu\u00e9 pasar\u00e1 cuando tengamos 5 millones de personas en la provincia reunidas en aulas\u201d.<\/p>\n<p>En este sentido, dijo que el gobierno provincial espera una baja en los casos positivos en las pr\u00f3ximas semanas, ese panorama llevar\u00eda a una presencialidad absoluta en las aulas.<\/p>\n<p>El titular de la cartera sanitaria remarc\u00f3 que en este 2022 se busca una normalidad parecida a la pre pandemia, debido que en 2021 el ciclo lectivo se llev\u00f3 a cabo mezclando virtualidad, presencialidad y burbujas. Si bien las vacunas lograron que no sea indispensable garantizar el distanciamiento, aclar\u00f3 que \u201ctenemos que garantizar el uso de barbijo de calidad\u201d.<\/p>\n<p>\u201cTenemos que tratar de cambiar el tapaboca de tela por uno de calidad\u201d, enfatiz\u00f3 y destac\u00f3 que estos \u201ctienen mejor protecci\u00f3n, con mayor capacidad de filtro\u201d. En una entrevista con un medio radial, dijo que la idea es que desde primer grado se utilice el barbijo y anticip\u00f3 que se les proveer\u00e1 a los alumnos unos de calidad.<\/p>\n<p>En el protocolo para 2022, el barbijo ser\u00e1 el principal complemento de la campa\u00f1a de vacunaci\u00f3n para poder garantizar un a\u00f1o lectivo seguro. \u201cLos trabajadores de la educaci\u00f3n tienen las tres dosis libres y vamos a ir a vacunar a los chicos a las escuelas. Vamos a hacer un esfuerzo muy grande a partir de marzo\u201d, adelant\u00f3 el ministro Kreplak.<\/p>\n<blockquote class=\"wp-embedded-content\" data-secret=\"JWe6alPpDs\"><p><a href=\"https:\/\/sectorprensa.com.ar\/kreplak-acuso-de-mala-praxis-a-los-pediatras-que-aconsejan-no-vacunar-a-los-ninos\/\">KREPLAK ACUS\u00d3 DE MALA PRAXIS A LOS PEDIATRAS QUE ACONSEJAN NO VACUNAR A LOS NI\u00d1OS<\/a><\/p><\/blockquote>\n<p><iframe loading=\"lazy\" class=\"wp-embedded-content\" sandbox=\"allow-scripts\" security=\"restricted\" style=\"position: absolute; clip: rect(1px, 1px, 1px, 1px);\" title=\"&#8220;KREPLAK ACUS\u00d3 DE MALA PRAXIS A LOS PEDIATRAS QUE ACONSEJAN NO VACUNAR A LOS NI\u00d1OS&#8221; &#8212; SECTOR PRENSA\" src=\"https:\/\/sectorprensa.com.ar\/kreplak-acuso-de-mala-praxis-a-los-pediatras-que-aconsejan-no-vacunar-a-los-ninos\/embed\/#?secret=JWe6alPpDs\" data-secret=\"JWe6alPpDs\" width=\"600\" height=\"338\" frameborder=\"0\" marginwidth=\"0\" marginheight=\"0\" scrolling=\"no\"><\/iframe><\/p>\n","protected":false},"excerpt":{"rendered":"<p>El Ministro de Salud bonaerense, pidi\u00f3 a la poblaci\u00f3n que se utilicen en lugar de los barbijos de tela. El<\/p>\n","protected":false},"author":1,"featured_media":39742,"comment_status":"closed","ping_status":"open","sticky":false,"template":"","format":"standard","meta":{"colormag_page_container_layout":"default_layout","colormag_page_sidebar_layout":"default_layout","footnotes":""},"categories":[17,18],"tags":[4407,4691,135],"class_list":["post-39743","post","type-post","status-publish","format-standard","has-post-thumbnail","hentry","category-destacadas","category-provincia","tag-barbijo","tag-nicolas-kreplak","tag-salud"],"_links":{"self":[{"href":"https:\/\/sectorprensa.com.ar\/index.php?rest_route=\/wp\/v2\/posts\/39743","targetHints":{"allow":["GET"]}}],"collection":[{"href":"https:\/\/sectorprensa.com.ar\/index.php?rest_route=\/wp\/v2\/posts"}],"about":[{"href":"https:\/\/sectorprensa.com.ar\/index.php?rest_route=\/wp\/v2\/types\/post"}],"author":[{"embeddable":true,"href":"https:\/\/sectorprensa.com.ar\/index.php?rest_route=\/wp\/v2\/users\/1"}],"replies":[{"embeddable":true,"href":"https:\/\/sectorprensa.com.ar\/index.php?rest_route=%2Fwp%2Fv2%2Fcomments&post=39743"}],"version-history":[{"count":1,"href":"https:\/\/sectorprensa.com.ar\/index.php?rest_route=\/wp\/v2\/posts\/39743\/revisions"}],"predecessor-version":[{"id":39753,"href":"https:\/\/sectorprensa.com.ar\/index.php?rest_route=\/wp\/v2\/posts\/39743\/revisions\/39753"}],"wp:featuredmedia":[{"embeddable":true,"href":"https:\/\/sectorprensa.com.ar\/index.php?rest_route=\/wp\/v2\/media\/39742"}],"wp:attachment":[{"href":"https:\/\/sectorprensa.com.ar\/index.php?rest_route=%2Fwp%2Fv2%2Fmedia&parent=39743"}],"wp:term":[{"taxonomy":"category","embeddable":true,"href":"https:\/\/sectorprensa.com.ar\/index.php?rest_route=%2Fwp%2Fv2%2Fcategories&post=39743"},{"taxonomy":"post_tag","embeddable":true,"href":"https:\/\/sectorprensa.com.ar\/index.php?rest_route=%2Fwp%2Fv2%2Ftags&post=39743"}],"curies":[{"name":"wp","href":"https:\/\/api.w.org\/{rel}","templated":true}]}}