{"id":39896,"date":"2022-02-04T11:00:38","date_gmt":"2022-02-04T14:00:38","guid":{"rendered":"https:\/\/sectorprensa.com.ar\/?p=39896"},"modified":"2022-02-22T14:04:55","modified_gmt":"2022-02-22T17:04:55","slug":"asi-sera-la-noche-de-las-vacunas-en-moron","status":"publish","type":"post","link":"https:\/\/sectorprensa.com.ar\/?p=39896","title":{"rendered":"AS\u00cd SER\u00c1 LA NOCHE DE LAS VACUNAS EN MOR\u00d3N"},"content":{"rendered":"<h6><strong>El distrito se suma a los operativos de vacunaci\u00f3n masiva contra el Covid-19. Adem\u00e1s durante febrero habr\u00e1 nuevas postas de vacunaci\u00f3n libre todos los s\u00e1bados en diferentes puntos de la comuna.<\/strong><\/h6>\n<p><!--more--><\/p>\n<p>El Gobierno comunal de Mor\u00f3n se sumar\u00e1 a los diferentes operativos dispuestos por la provincia de Buenos Aires para ampliar la vacunaci\u00f3n de la poblaci\u00f3n. Se trata de distintas acciones para intensificar la vacunaci\u00f3n contra el Covid 19.<\/p>\n<p>En el marco de la campa\u00f1a \u201cNos vacunamos para ir a la escuela\u201d, que el presidente Alberto Fern\u00e1ndez lanz\u00f3 en Mor\u00f3n, durante los s\u00e1bados de febrero habr\u00e1 nuevas postas de inoculaci\u00f3n en varios puntos del distrito. Se aplicar\u00e1n primera y segunda dosis libre contra el coronavirus y tambi\u00e9n del resto del calendario obligatorio, a partir de los 3 a\u00f1os.<\/p>\n<p>El horario de atenci\u00f3n en todas las postas ser\u00e1 de 17 a 19:30. La primera tendr\u00e1 lugar el s\u00e1bado 5 de febrero en la Plaza de los Inmigrantes de Castelar, en Tucum\u00e1n y San Nicol\u00e1s. El operativo siguiente ser\u00e1 el 12 de febrero en la Plaza San Jos\u00e9 de Mor\u00f3n sur, ubicada en Ib\u00e1\u00f1ez y Grito de Alcorta. El tercer operativo se desarrollar\u00e1 el 19 de febrero en el Corredor Neuqu\u00e9n, entre Catriel y Para\u00edso, en el Barrio Carlos Gardel. Por \u00faltimo, el 26 de febrero se instalar\u00e1 un vacunatorio en Arana y Mburucuy\u00e1, Mor\u00f3n sur.<\/p>\n<p><img loading=\"lazy\" decoding=\"async\" class=\"alignnone  wp-image-39897\" src=\"https:\/\/sectorprensa.com.ar\/wp-content\/uploads\/2022\/02\/unnamed-2022-02-03T153445.750.jpg\" alt=\"\" width=\"406\" height=\"406\" srcset=\"https:\/\/sectorprensa.com.ar\/wp-content\/uploads\/2022\/02\/unnamed-2022-02-03T153445.750.jpg 700w, https:\/\/sectorprensa.com.ar\/wp-content\/uploads\/2022\/02\/unnamed-2022-02-03T153445.750-300x300.jpg 300w, https:\/\/sectorprensa.com.ar\/wp-content\/uploads\/2022\/02\/unnamed-2022-02-03T153445.750-150x150.jpg 150w\" sizes=\"auto, (max-width: 406px) 100vw, 406px\" \/> <img loading=\"lazy\" decoding=\"async\" class=\"alignnone  wp-image-39898\" src=\"https:\/\/sectorprensa.com.ar\/wp-content\/uploads\/2022\/02\/unnamed-2022-02-03T153435.925-1024x1024.jpg\" alt=\"\" width=\"405\" height=\"405\" srcset=\"https:\/\/sectorprensa.com.ar\/wp-content\/uploads\/2022\/02\/unnamed-2022-02-03T153435.925-1024x1024.jpg 1024w, https:\/\/sectorprensa.com.ar\/wp-content\/uploads\/2022\/02\/unnamed-2022-02-03T153435.925-300x300.jpg 300w, https:\/\/sectorprensa.com.ar\/wp-content\/uploads\/2022\/02\/unnamed-2022-02-03T153435.925-150x150.jpg 150w, https:\/\/sectorprensa.com.ar\/wp-content\/uploads\/2022\/02\/unnamed-2022-02-03T153435.925-768x768.jpg 768w, https:\/\/sectorprensa.com.ar\/wp-content\/uploads\/2022\/02\/unnamed-2022-02-03T153435.925.jpg 1080w\" sizes=\"auto, (max-width: 405px) 100vw, 405px\" \/><\/p>\n<p>Por otro lado, la Provincia de Buenos Aires lanz\u00f3 la campa\u00f1a \u201cLa noche de las vacunas\u201d, que en Mor\u00f3n se desarrollar\u00e1 durante los espect\u00e1culos del ciclo Escenario a Cielo Abierto. Se habilitar\u00e1n postas nocturnas, que funcionar\u00e1n de 20 a 22hs, para que puedan concurrir personas que, por diversos motivos, no pueden hacerlo en el horario de funcionamiento habitual.<\/p>\n<p>El viernes 4 de febrero en las actividades que se realizar\u00e1n en el Museo de Mor\u00f3n comenzar\u00e1 La Noche de las Vacunas en el distrito. Habr\u00e1 primera y segunda dosis libre para mayores de 3 a\u00f1os, y refuerzo para mayores de 50 a\u00f1os, personas inmunocomprometidas, trabajadores de salud, de seguridad y educaci\u00f3n; personas gestantes y que est\u00e9n amamantando. La direcci\u00f3n es Casullo 59, esquina Rivadavia.<\/p>\n<p>Desde el s\u00e1bado 5 con la presentaci\u00f3n de Acru, la posta nocturna funcionar\u00e1 en la Plaza San Mart\u00edn. Tambi\u00e9n estar\u00e1 el domingo 13 de febrero con el show de Valeria Lynch y Luna Su\u00e1rez, el s\u00e1bado 19 con la presentaci\u00f3n del tr\u00edo Mojones con Teresa Parodi, Juan Fal\u00fa y Liliana Herrero. Finalmente, el fin de semana del 26 y 27 de febrero la posta estar\u00e1 presente en los shows de la Bersuit y Mala Fama.<\/p>\n<blockquote class=\"wp-embedded-content\" data-secret=\"sznXIW9Dz0\"><p><a href=\"https:\/\/sectorprensa.com.ar\/en-febrero-vuelve-escenario-a-cielo-abierto-en-moron\/\">EN FEBRERO VUELVE ESCENARIO A CIELO ABIERTO EN MOR\u00d3N<\/a><\/p><\/blockquote>\n<p><iframe loading=\"lazy\" class=\"wp-embedded-content\" sandbox=\"allow-scripts\" security=\"restricted\" style=\"position: absolute; clip: rect(1px, 1px, 1px, 1px);\" title=\"&#8220;EN FEBRERO VUELVE ESCENARIO A CIELO ABIERTO EN MOR\u00d3N&#8221; &#8212; SECTOR PRENSA\" src=\"https:\/\/sectorprensa.com.ar\/en-febrero-vuelve-escenario-a-cielo-abierto-en-moron\/embed\/#?secret=sznXIW9Dz0\" data-secret=\"sznXIW9Dz0\" width=\"600\" height=\"338\" frameborder=\"0\" marginwidth=\"0\" marginheight=\"0\" scrolling=\"no\"><\/iframe><\/p>\n","protected":false},"excerpt":{"rendered":"<p>El distrito se suma a los operativos de vacunaci\u00f3n masiva contra el Covid-19. Adem\u00e1s durante febrero habr\u00e1 nuevas postas de<\/p>\n","protected":false},"author":1,"featured_media":31365,"comment_status":"closed","ping_status":"open","sticky":false,"template":"","format":"standard","meta":{"colormag_page_container_layout":"default_layout","colormag_page_sidebar_layout":"default_layout","footnotes":""},"categories":[5,1173,10],"tags":[19,6035],"class_list":["post-39896","post","type-post","status-publish","format-standard","has-post-thumbnail","hentry","category-moron","category-municipales","category-sociedad","tag-moron","tag-noche-de-las-vacunas"],"_links":{"self":[{"href":"https:\/\/sectorprensa.com.ar\/index.php?rest_route=\/wp\/v2\/posts\/39896","targetHints":{"allow":["GET"]}}],"collection":[{"href":"https:\/\/sectorprensa.com.ar\/index.php?rest_route=\/wp\/v2\/posts"}],"about":[{"href":"https:\/\/sectorprensa.com.ar\/index.php?rest_route=\/wp\/v2\/types\/post"}],"author":[{"embeddable":true,"href":"https:\/\/sectorprensa.com.ar\/index.php?rest_route=\/wp\/v2\/users\/1"}],"replies":[{"embeddable":true,"href":"https:\/\/sectorprensa.com.ar\/index.php?rest_route=%2Fwp%2Fv2%2Fcomments&post=39896"}],"version-history":[{"count":1,"href":"https:\/\/sectorprensa.com.ar\/index.php?rest_route=\/wp\/v2\/posts\/39896\/revisions"}],"predecessor-version":[{"id":39899,"href":"https:\/\/sectorprensa.com.ar\/index.php?rest_route=\/wp\/v2\/posts\/39896\/revisions\/39899"}],"wp:featuredmedia":[{"embeddable":true,"href":"https:\/\/sectorprensa.com.ar\/index.php?rest_route=\/wp\/v2\/media\/31365"}],"wp:attachment":[{"href":"https:\/\/sectorprensa.com.ar\/index.php?rest_route=%2Fwp%2Fv2%2Fmedia&parent=39896"}],"wp:term":[{"taxonomy":"category","embeddable":true,"href":"https:\/\/sectorprensa.com.ar\/index.php?rest_route=%2Fwp%2Fv2%2Fcategories&post=39896"},{"taxonomy":"post_tag","embeddable":true,"href":"https:\/\/sectorprensa.com.ar\/index.php?rest_route=%2Fwp%2Fv2%2Ftags&post=39896"}],"curies":[{"name":"wp","href":"https:\/\/api.w.org\/{rel}","templated":true}]}}