{"id":39994,"date":"2022-02-06T16:00:18","date_gmt":"2022-02-06T19:00:18","guid":{"rendered":"https:\/\/sectorprensa.com.ar\/?p=39994"},"modified":"2022-02-22T14:05:56","modified_gmt":"2022-02-22T17:05:56","slug":"moreno-se-incendio-una-fabrica-de-reciclados-plasticos","status":"publish","type":"post","link":"https:\/\/sectorprensa.com.ar\/?p=39994","title":{"rendered":"MORENO: SE INCENDI\u00d3 UNA F\u00c1BRICA DE RECICLADOS PL\u00c1STICOS"},"content":{"rendered":"<h6>El hecho sucedi\u00f3 en la madrugada del s\u00e1bado. Trabajaron 14 dotaciones de bomberos para controlar las llamas.<\/h6>\n<p><!--more--><\/p>\n<p>En la madrugada del s\u00e1bado, se desat\u00f3 un gran incendio en una f\u00e1brica que trabaja con pl\u00e1sticos reciclados, en el distrito de Moreno. Para combatir el fuego, se necesitaron 14 dotaciones de bomberos. El lugar qued\u00f3 totalmente destruido luego del siniestro.<\/p>\n<p>Seg\u00fan trascendi\u00f3, las llamas comenzaron alrededor de las 4:05hs, se desconocen las causas. El edificio se encuentra ubicado entre Ruta 23 y O\u00b4Brien, barrio La Victoria, dentro del Parque Industrial Bernab\u00f3.<\/p>\n<p>Debido a la magnitud del incendio, los bomberos del municipio recibieron ayuda de sus colegas de San Miguel, Jos\u00e9 C. Paz, Mor\u00f3n e Ituzaing\u00f3. Tambi\u00e9n se hizo presente la polic\u00eda y Defensa Civil de Moerno.<\/p>\n<p>El fuego, que debi\u00f3 combatirse hasta pasado el mediod\u00eda, alcanz\u00f3 dos galpones y un espacio a cielo abierto. Para realizar la tarea, se debi\u00f3 cortar el servicio de energ\u00eda el\u00e9ctrica en las inmediaciones del predio.<\/p>\n<blockquote class=\"wp-embedded-content\" data-secret=\"h8q1925EBz\"><p><a href=\"https:\/\/sectorprensa.com.ar\/tren-sarmiento-cuando-terminan-las-obras-del-puente-reconquista-en-paso-del-rey\/\">TREN SARMIENTO: \u00bfCU\u00c1NDO TERMINAN LAS OBRAS DEL PUENTE RECONQUISTA EN PASO DEL REY?<\/a><\/p><\/blockquote>\n<p><iframe loading=\"lazy\" class=\"wp-embedded-content\" sandbox=\"allow-scripts\" security=\"restricted\" style=\"position: absolute; clip: rect(1px, 1px, 1px, 1px);\" title=\"&#8220;TREN SARMIENTO: \u00bfCU\u00c1NDO TERMINAN LAS OBRAS DEL PUENTE RECONQUISTA EN PASO DEL REY?&#8221; &#8212; SECTOR PRENSA\" src=\"https:\/\/sectorprensa.com.ar\/tren-sarmiento-cuando-terminan-las-obras-del-puente-reconquista-en-paso-del-rey\/embed\/#?secret=h8q1925EBz\" data-secret=\"h8q1925EBz\" width=\"600\" height=\"338\" frameborder=\"0\" marginwidth=\"0\" marginheight=\"0\" scrolling=\"no\"><\/iframe><\/p>\n","protected":false},"excerpt":{"rendered":"<p>El hecho sucedi\u00f3 en la madrugada del s\u00e1bado. Trabajaron 14 dotaciones de bomberos para controlar las llamas.<\/p>\n","protected":false},"author":1,"featured_media":39995,"comment_status":"closed","ping_status":"open","sticky":false,"template":"","format":"standard","meta":{"colormag_page_container_layout":"default_layout","colormag_page_sidebar_layout":"default_layout","footnotes":""},"categories":[17,2154,12],"tags":[6054,6055],"class_list":["post-39994","post","type-post","status-publish","format-standard","has-post-thumbnail","hentry","category-destacadas","category-moreno","category-policiales","tag-bomberos-de-moreno","tag-parque-industrial-bernabo"],"_links":{"self":[{"href":"https:\/\/sectorprensa.com.ar\/index.php?rest_route=\/wp\/v2\/posts\/39994","targetHints":{"allow":["GET"]}}],"collection":[{"href":"https:\/\/sectorprensa.com.ar\/index.php?rest_route=\/wp\/v2\/posts"}],"about":[{"href":"https:\/\/sectorprensa.com.ar\/index.php?rest_route=\/wp\/v2\/types\/post"}],"author":[{"embeddable":true,"href":"https:\/\/sectorprensa.com.ar\/index.php?rest_route=\/wp\/v2\/users\/1"}],"replies":[{"embeddable":true,"href":"https:\/\/sectorprensa.com.ar\/index.php?rest_route=%2Fwp%2Fv2%2Fcomments&post=39994"}],"version-history":[{"count":1,"href":"https:\/\/sectorprensa.com.ar\/index.php?rest_route=\/wp\/v2\/posts\/39994\/revisions"}],"predecessor-version":[{"id":39996,"href":"https:\/\/sectorprensa.com.ar\/index.php?rest_route=\/wp\/v2\/posts\/39994\/revisions\/39996"}],"wp:featuredmedia":[{"embeddable":true,"href":"https:\/\/sectorprensa.com.ar\/index.php?rest_route=\/wp\/v2\/media\/39995"}],"wp:attachment":[{"href":"https:\/\/sectorprensa.com.ar\/index.php?rest_route=%2Fwp%2Fv2%2Fmedia&parent=39994"}],"wp:term":[{"taxonomy":"category","embeddable":true,"href":"https:\/\/sectorprensa.com.ar\/index.php?rest_route=%2Fwp%2Fv2%2Fcategories&post=39994"},{"taxonomy":"post_tag","embeddable":true,"href":"https:\/\/sectorprensa.com.ar\/index.php?rest_route=%2Fwp%2Fv2%2Ftags&post=39994"}],"curies":[{"name":"wp","href":"https:\/\/api.w.org\/{rel}","templated":true}]}}