{"id":40038,"date":"2022-02-08T09:00:59","date_gmt":"2022-02-08T12:00:59","guid":{"rendered":"https:\/\/sectorprensa.com.ar\/?p=40038"},"modified":"2022-02-22T14:06:55","modified_gmt":"2022-02-22T17:06:55","slug":"campana-el-municipio-encarara-importantes-obras-de-urbanizacion-en-las-pradera","status":"publish","type":"post","link":"https:\/\/sectorprensa.com.ar\/?p=40038","title":{"rendered":"CAMPANA: EL MUNICIPIO ENCARAR\u00c1 IMPORTANTES OBRAS DE URBANIZACI\u00d3N EN \u201cLAS PRADERA\u201d"},"content":{"rendered":"<h6>El intendente, Sebasti\u00e1n Abella, realiz\u00f3 la firma de un importante convenio con el Gobierno Nacional. Se mejorar\u00e1 el sistema pluvial, ampliaci\u00f3n de la red de agua y asfalto.<\/h6>\n<p><!--more--><\/p>\n<p>El intendente del partido de Campana, Sebasti\u00e1n Abella, firm\u00f3 este viernes un importante convenio junto al ministro de Desarrollo Social de la Naci\u00f3n, Juan Zabaleta, que permitir\u00e1 que en Las Praderas se lleve adelante un importante proyecto de urbanizaci\u00f3n.<\/p>\n<p>A partir de esta r\u00fabrica, que se realiz\u00f3 en el auditorio de Tecn\u00f3polis en el marco del Primer Encuentro Federal: Argentina Unida por la Integraci\u00f3n de los Barrios Populares, se le otorgar\u00e1 a Campana un monto total de $236.189.234,34.<\/p>\n<p>Se trata de un plan integral que est\u00e1 enmarcado dentro de un proyecto de obras tempranas, que implicar\u00e1 la optimizaci\u00f3n del escurrimiento del agua con la ejecuci\u00f3n de cinco colectores troncales del sistema pluvial.<\/p>\n<p>Adem\u00e1s, el convenio contempla una ampliaci\u00f3n de la red de agua corriente en aquellos lugares que no hay, como as\u00ed tambi\u00e9n la ampliaci\u00f3n del caudal que se realizar\u00e1 con la colocaci\u00f3n de una bomba de mayor potencia.<\/p>\n<p>Como parte de este proyecto de urbanizaci\u00f3n, se ejecutar\u00e1 un segundo anillo de circulaci\u00f3n con 17.300 metros cuadrados de carpeta asf\u00e1ltica que ser\u00e1n colocadas en calles neur\u00e1lgicas del barrio que a\u00fan son de tierra.<\/p>\n<p>\u201cCuando asumimos en el 2015, Las Praderas era un barrio completamente olvidado, que ten\u00eda todas calles de tierra, y que ahora podamos realizar el segundo anillo de calles de asfalto y obras hidr\u00e1ulicas para que los vecinos puedan vivir mejor, es un gran orgullo\u201d, manifest\u00f3 el Intendente luego del encuentro.<\/p>\n<p>\u201cEsta es una obra \u2013 continu\u00f3- muy importante y esperada por los vecinos, y que hoy empiece a ser una realidad es una gran satisfacci\u00f3n porque estoy convencido que traer\u00e1 aparejado mejoras en la calidad de vida de cada vecino del barrio\u201d.<\/p>\n<p>Y, para concluir, record\u00f3: \u201cEn los \u00faltimos a\u00f1os, en Las Praderas, adem\u00e1s de la pavimentaci\u00f3n del acceso al barrio y de muchas de sus calles, construimos un centro recreativo, instalamos un tanque de agua y recientemente, con el apoyo de la empresa Toyota, modernizamos y ampliamos el centro de salud\u201d.<\/p>\n<blockquote class=\"wp-embedded-content\" data-secret=\"HamJJPQY8z\"><p><a href=\"https:\/\/sectorprensa.com.ar\/agenda-cultural-campana-anuncio-las-propuestas-para-febrero\/\">AGENDA CULTURAL: CAMPANA ANUNCI\u00d3 LAS PROPUESTAS PARA FEBRERO<\/a><\/p><\/blockquote>\n<p><iframe loading=\"lazy\" class=\"wp-embedded-content\" sandbox=\"allow-scripts\" security=\"restricted\" style=\"position: absolute; clip: rect(1px, 1px, 1px, 1px);\" title=\"&#8220;AGENDA CULTURAL: CAMPANA ANUNCI\u00d3 LAS PROPUESTAS PARA FEBRERO&#8221; &#8212; SECTOR PRENSA\" src=\"https:\/\/sectorprensa.com.ar\/agenda-cultural-campana-anuncio-las-propuestas-para-febrero\/embed\/#?secret=HamJJPQY8z\" data-secret=\"HamJJPQY8z\" width=\"600\" height=\"338\" frameborder=\"0\" marginwidth=\"0\" marginheight=\"0\" scrolling=\"no\"><\/iframe><\/p>\n","protected":false},"excerpt":{"rendered":"<p>El intendente, Sebasti\u00e1n Abella, realiz\u00f3 la firma de un importante convenio con el Gobierno Nacional. Se mejorar\u00e1 el sistema pluvial,<\/p>\n","protected":false},"author":1,"featured_media":40041,"comment_status":"closed","ping_status":"open","sticky":false,"template":"","format":"standard","meta":{"colormag_page_container_layout":"default_layout","colormag_page_sidebar_layout":"default_layout","footnotes":""},"categories":[17,1173,10],"tags":[328,395,6062,3966],"class_list":["post-40038","post","type-post","status-publish","format-standard","has-post-thumbnail","hentry","category-destacadas","category-municipales","category-sociedad","tag-campana","tag-obras","tag-sebastian-abella","tag-urbanizacion"],"_links":{"self":[{"href":"https:\/\/sectorprensa.com.ar\/index.php?rest_route=\/wp\/v2\/posts\/40038","targetHints":{"allow":["GET"]}}],"collection":[{"href":"https:\/\/sectorprensa.com.ar\/index.php?rest_route=\/wp\/v2\/posts"}],"about":[{"href":"https:\/\/sectorprensa.com.ar\/index.php?rest_route=\/wp\/v2\/types\/post"}],"author":[{"embeddable":true,"href":"https:\/\/sectorprensa.com.ar\/index.php?rest_route=\/wp\/v2\/users\/1"}],"replies":[{"embeddable":true,"href":"https:\/\/sectorprensa.com.ar\/index.php?rest_route=%2Fwp%2Fv2%2Fcomments&post=40038"}],"version-history":[{"count":1,"href":"https:\/\/sectorprensa.com.ar\/index.php?rest_route=\/wp\/v2\/posts\/40038\/revisions"}],"predecessor-version":[{"id":40043,"href":"https:\/\/sectorprensa.com.ar\/index.php?rest_route=\/wp\/v2\/posts\/40038\/revisions\/40043"}],"wp:featuredmedia":[{"embeddable":true,"href":"https:\/\/sectorprensa.com.ar\/index.php?rest_route=\/wp\/v2\/media\/40041"}],"wp:attachment":[{"href":"https:\/\/sectorprensa.com.ar\/index.php?rest_route=%2Fwp%2Fv2%2Fmedia&parent=40038"}],"wp:term":[{"taxonomy":"category","embeddable":true,"href":"https:\/\/sectorprensa.com.ar\/index.php?rest_route=%2Fwp%2Fv2%2Fcategories&post=40038"},{"taxonomy":"post_tag","embeddable":true,"href":"https:\/\/sectorprensa.com.ar\/index.php?rest_route=%2Fwp%2Fv2%2Ftags&post=40038"}],"curies":[{"name":"wp","href":"https:\/\/api.w.org\/{rel}","templated":true}]}}