{"id":40055,"date":"2022-02-08T00:05:59","date_gmt":"2022-02-08T03:05:59","guid":{"rendered":"https:\/\/sectorprensa.com.ar\/?p=40055"},"modified":"2022-02-22T14:06:53","modified_gmt":"2022-02-22T17:06:53","slug":"continuan-las-obras-de-bacheo-y-asfalto-en-todo-moron","status":"publish","type":"post","link":"https:\/\/sectorprensa.com.ar\/?p=40055","title":{"rendered":"CONTIN\u00daAN LAS OBRAS DE BACHEO Y ASFALTO EN TODO MOR\u00d3N"},"content":{"rendered":"<h6><strong>Se iniciaron las obras y renovaci\u00f3n de carpetas asf\u00e1ltica en Barrio Blanco, que se suman a las que ya se llevan adelante en toda la comuna.<\/strong><\/h6>\n<p><!--more--><\/p>\n<p>El Municipio de Mor\u00f3n avanza con el Plan Integral de Bacheo que se puso en marcha en el primer mes del a\u00f1o y que prev\u00e9 una inversi\u00f3n de 240 millones de pesos para la mejora de asfaltos y pavimentaci\u00f3n de todo el distrito. Esta semana, comenzaron los trabajos en el Barrio Blanco, en la calle Cobo, entre Malharro y Obligado.<\/p>\n<p>El Plan contempla el arreglo y renovaci\u00f3n de los asfaltos de importantes arterias de todo el partido. En esta primera etapa, las obras har\u00e1n hincapi\u00e9 en las calles de Barrio Santa Rosa, Haedo, Castelar, El Palomar y Mor\u00f3n sur.<\/p>\n<p>Al mismo tiempo, la comuna contin\u00faa con las tareas de pavimentaci\u00f3n y bacheo de la Avenida Arias, de Castelar Norte, en toda su extensi\u00f3n, y la calle Juan A. Maza, en Mor\u00f3n sur.<\/p>\n<p>Luego de dos a\u00f1os signados por la emergencia sanitaria fruto de la pandemia de Covid 19, el Estado local estableci\u00f3 entre los principales ejes de Gobierno para 2022, la puesta en valor de las calles, un plan de reconversi\u00f3n lum\u00ednica para brindar m\u00e1s seguridad y otras intervenciones para resolver el grave deterioro de las calles heredado de la anterior gesti\u00f3n municipal.<\/p>\n<blockquote class=\"wp-embedded-content\" data-secret=\"I8THjyOjDV\"><p><a href=\"https:\/\/sectorprensa.com.ar\/ghi-y-zabaleta-pusieron-en-marcha-nueva-maquina-recicladora-de-residuos-solidos-urbanos\/\">GHI Y ZABALETA PUSIERON EN MARCHA NUEVA M\u00c1QUINA RECICLADORA DE RESIDUOS S\u00d3LIDOS URBANOS<\/a><\/p><\/blockquote>\n<p><iframe loading=\"lazy\" class=\"wp-embedded-content\" sandbox=\"allow-scripts\" security=\"restricted\" style=\"position: absolute; clip: rect(1px, 1px, 1px, 1px);\" title=\"&#8220;GHI Y ZABALETA PUSIERON EN MARCHA NUEVA M\u00c1QUINA RECICLADORA DE RESIDUOS S\u00d3LIDOS URBANOS&#8221; &#8212; SECTOR PRENSA\" src=\"https:\/\/sectorprensa.com.ar\/ghi-y-zabaleta-pusieron-en-marcha-nueva-maquina-recicladora-de-residuos-solidos-urbanos\/embed\/#?secret=I8THjyOjDV\" data-secret=\"I8THjyOjDV\" width=\"600\" height=\"338\" frameborder=\"0\" marginwidth=\"0\" marginheight=\"0\" scrolling=\"no\"><\/iframe><\/p>\n","protected":false},"excerpt":{"rendered":"<p>Se iniciaron las obras y renovaci\u00f3n de carpetas asf\u00e1ltica en Barrio Blanco, que se suman a las que ya se<\/p>\n","protected":false},"author":1,"featured_media":40056,"comment_status":"closed","ping_status":"open","sticky":false,"template":"","format":"standard","meta":{"colormag_page_container_layout":"default_layout","colormag_page_sidebar_layout":"default_layout","footnotes":""},"categories":[17,5,1173],"tags":[1855,4690,19,395],"class_list":["post-40055","post","type-post","status-publish","format-standard","has-post-thumbnail","hentry","category-destacadas","category-moron","category-municipales","tag-asfalto","tag-bacheo","tag-moron","tag-obras"],"_links":{"self":[{"href":"https:\/\/sectorprensa.com.ar\/index.php?rest_route=\/wp\/v2\/posts\/40055","targetHints":{"allow":["GET"]}}],"collection":[{"href":"https:\/\/sectorprensa.com.ar\/index.php?rest_route=\/wp\/v2\/posts"}],"about":[{"href":"https:\/\/sectorprensa.com.ar\/index.php?rest_route=\/wp\/v2\/types\/post"}],"author":[{"embeddable":true,"href":"https:\/\/sectorprensa.com.ar\/index.php?rest_route=\/wp\/v2\/users\/1"}],"replies":[{"embeddable":true,"href":"https:\/\/sectorprensa.com.ar\/index.php?rest_route=%2Fwp%2Fv2%2Fcomments&post=40055"}],"version-history":[{"count":1,"href":"https:\/\/sectorprensa.com.ar\/index.php?rest_route=\/wp\/v2\/posts\/40055\/revisions"}],"predecessor-version":[{"id":40057,"href":"https:\/\/sectorprensa.com.ar\/index.php?rest_route=\/wp\/v2\/posts\/40055\/revisions\/40057"}],"wp:featuredmedia":[{"embeddable":true,"href":"https:\/\/sectorprensa.com.ar\/index.php?rest_route=\/wp\/v2\/media\/40056"}],"wp:attachment":[{"href":"https:\/\/sectorprensa.com.ar\/index.php?rest_route=%2Fwp%2Fv2%2Fmedia&parent=40055"}],"wp:term":[{"taxonomy":"category","embeddable":true,"href":"https:\/\/sectorprensa.com.ar\/index.php?rest_route=%2Fwp%2Fv2%2Fcategories&post=40055"},{"taxonomy":"post_tag","embeddable":true,"href":"https:\/\/sectorprensa.com.ar\/index.php?rest_route=%2Fwp%2Fv2%2Ftags&post=40055"}],"curies":[{"name":"wp","href":"https:\/\/api.w.org\/{rel}","templated":true}]}}