{"id":40150,"date":"2022-02-10T00:00:01","date_gmt":"2022-02-10T03:00:01","guid":{"rendered":"https:\/\/sectorprensa.com.ar\/?p=40150"},"modified":"2022-02-22T14:07:31","modified_gmt":"2022-02-22T17:07:31","slug":"ituzaingo-jornadas-itinerantes-de-vacunacion-en-escuelas","status":"publish","type":"post","link":"https:\/\/sectorprensa.com.ar\/?p=40150","title":{"rendered":"ITUZAING\u00d3: JORNADAS ITINERANTES DE VACUNACI\u00d3N EN ESCUELAS"},"content":{"rendered":"<h6><strong>Comenzaron a llevarse a cabo postas de vacunaci\u00f3n en instituciones educativas del distrito. Las mismas comenzaron el d\u00eda 7 de febrero y recorrer\u00e1n diferentes escuelas y jardines del Municipio.<\/strong><\/h6>\n<p><!--more--><\/p>\n<p>En estas jornadas, solo la comunidad educativa de cada instituci\u00f3n podr\u00e1 aplicarse las diferentes vacunas contra el Covid-19 y vacunas contra el sarampi\u00f3n, paperas y rub\u00e9ola, para los y las estudiantes o familiares que cuenten con el esquema incompleto. El cronograma de las postas es el siguiente, todas de 9 a 15hs:<\/p>\n<p><strong>10 de Febrero: EEP N\u00ba7 \u00abARMADA ARGENTINA\u00bb (Segundo Sombra, entre Camino y Zorrilla de San Mart\u00edn)<\/strong><\/p>\n<p><strong>11 de Febrero: EEP N\u00ba2 \u00abJOS\u00c9 HERN\u00c1NDEZ\u00bb (Defilippi, entre Oribe y Lavalleja)<\/strong><\/p>\n<p><strong>14 de Febrero: EEP N\u00ba17 \u00abPRESIDENTE JUAN DOMINGO PERON\u00bb (Villegas, entre Quir\u00f3s y Espejo)<\/strong><\/p>\n<p><strong>15 de Febrero: EEP N\u00ba10 \u00abALAS ARGENTINAS\u00bb (Lahitte, entre Espacio Verde y Pedro Zanni)<\/strong><\/p>\n<p><strong>16 de Febrero: JARD\u00cdN MUNICIPAL \u201cCARACOL COL\u201d (Blas Parera y Dunant)<\/strong><\/p>\n<p><strong>17 de Febrero: JARD\u00cdN MUNICIPAL \u201cMIS MANZANITAS\u201d (Lisandro de La Torre 4166)<\/strong><\/p>\n<p><strong>18 de Febrero: JARD\u00cdN MUNICIPAL \u201cMI SUE\u00d1O\u201d (Austria 2730)<\/strong><\/p>\n<p><strong>19 de Febrero: JARD\u00cdN MUNICIPAL \u201cEL HORNERITO\u201d (Le\u00f3n Bloy y Fleming)<\/strong><\/p>\n<p><strong>21 de Febrero: JARD\u00cdN MUNICIPAL \u201cJUANA CONSEJERO\u201d (Roca y Tel Aviv)<\/strong><\/p>\n<p>En estas postas se administrar\u00e1n todas las dosis de la vacuna del coronavirus: 1\u00b0 y 2\u00b0 dosis para los y las mayores de 3 a\u00f1os, as\u00ed como la dosis de refuerzo para el personal educativo y familiares que sean mayores de 50 a\u00f1os, personal de salud o seguridad, gestantes o que se encuentren en per\u00edodo de lactancia. Es importante que hayan transcurrido cuatro meses desde que completaron su esquema primario.<\/p>\n<p>Adem\u00e1s, podr\u00e1n recibir la vacuna contra el sarampi\u00f3n y rub\u00e9ola los ni\u00f1os y ni\u00f1as de 1 a 4 a\u00f1os y familiares de 5 a 56 a\u00f1os que no acrediten dos o m\u00e1s dosis de las vacunas con componentes contra estas enfermedades (doble o triple viral) aplicada despu\u00e9s del a\u00f1o de vida.<\/p>\n<blockquote class=\"wp-embedded-content\" data-secret=\"DxFaXJTEXy\"><p><a href=\"https:\/\/sectorprensa.com.ar\/se-realizo-la-noche-de-las-vacunas-en-ituzaingo\/\">SE REALIZ\u00d3 LA NOCHE DE LAS VACUNAS EN ITUZAING\u00d3<\/a><\/p><\/blockquote>\n<p><iframe loading=\"lazy\" class=\"wp-embedded-content\" sandbox=\"allow-scripts\" security=\"restricted\" style=\"position: absolute; clip: rect(1px, 1px, 1px, 1px);\" title=\"&#8220;SE REALIZ\u00d3 LA NOCHE DE LAS VACUNAS EN ITUZAING\u00d3&#8221; &#8212; SECTOR PRENSA\" src=\"https:\/\/sectorprensa.com.ar\/se-realizo-la-noche-de-las-vacunas-en-ituzaingo\/embed\/#?secret=DxFaXJTEXy\" data-secret=\"DxFaXJTEXy\" width=\"600\" height=\"338\" frameborder=\"0\" marginwidth=\"0\" marginheight=\"0\" scrolling=\"no\"><\/iframe><\/p>\n","protected":false},"excerpt":{"rendered":"<p>Comenzaron a llevarse a cabo postas de vacunaci\u00f3n en instituciones educativas del distrito. Las mismas comenzaron el d\u00eda 7 de<\/p>\n","protected":false},"author":1,"featured_media":40151,"comment_status":"closed","ping_status":"open","sticky":false,"template":"","format":"standard","meta":{"colormag_page_container_layout":"default_layout","colormag_page_sidebar_layout":"default_layout","footnotes":""},"categories":[17,4,1173,10],"tags":[4285,208,49,1502],"class_list":["post-40150","post","type-post","status-publish","format-standard","has-post-thumbnail","hentry","category-destacadas","category-ituzaingo","category-municipales","category-sociedad","tag-covid-19","tag-escuelas","tag-ituzaingo","tag-vacuna"],"_links":{"self":[{"href":"https:\/\/sectorprensa.com.ar\/index.php?rest_route=\/wp\/v2\/posts\/40150","targetHints":{"allow":["GET"]}}],"collection":[{"href":"https:\/\/sectorprensa.com.ar\/index.php?rest_route=\/wp\/v2\/posts"}],"about":[{"href":"https:\/\/sectorprensa.com.ar\/index.php?rest_route=\/wp\/v2\/types\/post"}],"author":[{"embeddable":true,"href":"https:\/\/sectorprensa.com.ar\/index.php?rest_route=\/wp\/v2\/users\/1"}],"replies":[{"embeddable":true,"href":"https:\/\/sectorprensa.com.ar\/index.php?rest_route=%2Fwp%2Fv2%2Fcomments&post=40150"}],"version-history":[{"count":1,"href":"https:\/\/sectorprensa.com.ar\/index.php?rest_route=\/wp\/v2\/posts\/40150\/revisions"}],"predecessor-version":[{"id":40152,"href":"https:\/\/sectorprensa.com.ar\/index.php?rest_route=\/wp\/v2\/posts\/40150\/revisions\/40152"}],"wp:featuredmedia":[{"embeddable":true,"href":"https:\/\/sectorprensa.com.ar\/index.php?rest_route=\/wp\/v2\/media\/40151"}],"wp:attachment":[{"href":"https:\/\/sectorprensa.com.ar\/index.php?rest_route=%2Fwp%2Fv2%2Fmedia&parent=40150"}],"wp:term":[{"taxonomy":"category","embeddable":true,"href":"https:\/\/sectorprensa.com.ar\/index.php?rest_route=%2Fwp%2Fv2%2Fcategories&post=40150"},{"taxonomy":"post_tag","embeddable":true,"href":"https:\/\/sectorprensa.com.ar\/index.php?rest_route=%2Fwp%2Fv2%2Ftags&post=40150"}],"curies":[{"name":"wp","href":"https:\/\/api.w.org\/{rel}","templated":true}]}}