{"id":40270,"date":"2022-02-12T22:38:03","date_gmt":"2022-02-13T01:38:03","guid":{"rendered":"https:\/\/sectorprensa.com.ar\/?p=40270"},"modified":"2022-02-22T14:08:28","modified_gmt":"2022-02-22T17:08:28","slug":"sobre-el-final-deportivo-merlo-se-llevo-el-triunfo","status":"publish","type":"post","link":"https:\/\/sectorprensa.com.ar\/?p=40270","title":{"rendered":"SOBRE EL FINAL, DEPORTIVO MERLO SE LLEV\u00d3 EL TRIUNFO"},"content":{"rendered":"<h6><strong>El Charro se impuso ante Acassuso por 1 a 0, como local, en el debut del Apertura de la B Metro. El Depo termin\u00f3 el partido con diez jugadores.<\/strong><\/h6>\n<p><!--more--><\/p>\n<p>En la primera parte, el encuentro se torn\u00f3 muy cortado debido a las reiteradas faltas, lo que provoc\u00f3 tres amarillas por lado. Si bien Deportivo Merlo tuvo una situaci\u00f3n clara, tambi\u00e9n padeci\u00f3 por el lateral derecho las subidas de los hombre de Acassuso. Adem\u00e1s, se generaron caras de preocupaci\u00f3n en los hinchas por algunas malas salidas de los centrales. Pero, con el correr de los minutos, la defensa se fue acomodando y Tom\u00e1s D\u00edaz, delantero y nuevo refuerzo, comenz\u00f3 a destacarse con su velocidad y desequilibrio.<\/p>\n<p>En la etapa complementaria, continu\u00f3 el juego brusco por parte de ambos equipos. En cuanto al desarrollo, el Charro comenzaba a ser m\u00e1s y acorralaba por momentos a su rival. Pero, la visita tambi\u00e9n tuvo lo suyo, un mano a mano que tap\u00f3 Mart\u00edn R\u00edos.<\/p>\n<p>El partido parec\u00eda irse en cero, pero habr\u00eda una sorpresa en el final. Luego de un tiro de esquina, Marcelo Vidal, quien ingres\u00f3 desde el banco, convirti\u00f3 el 1-0 de cabeza. M\u00e1s tarde, Gonzalo Aquilino, llevaba pocos minutos en cancha, se fue expulsado por una dura falta.<\/p>\n<p>De todas formas, el conjunto dirigido por Leonel Garc\u00eda se llev\u00f3 la victoria, con un plantel plagado de refuerzos. En la pr\u00f3xima fecha, visitar\u00e1 a Argentino de Quilmes.<\/p>\n<p><img loading=\"lazy\" decoding=\"async\" class=\"alignnone size-full wp-image-40273\" src=\"https:\/\/sectorprensa.com.ar\/wp-content\/uploads\/2022\/02\/WhatsApp-Image-2022-02-12-at-9.31.10-PM.jpeg\" alt=\"\" width=\"1024\" height=\"685\" srcset=\"https:\/\/sectorprensa.com.ar\/wp-content\/uploads\/2022\/02\/WhatsApp-Image-2022-02-12-at-9.31.10-PM.jpeg 1024w, https:\/\/sectorprensa.com.ar\/wp-content\/uploads\/2022\/02\/WhatsApp-Image-2022-02-12-at-9.31.10-PM-300x201.jpeg 300w, https:\/\/sectorprensa.com.ar\/wp-content\/uploads\/2022\/02\/WhatsApp-Image-2022-02-12-at-9.31.10-PM-768x514.jpeg 768w\" sizes=\"auto, (max-width: 1024px) 100vw, 1024px\" \/><\/p>\n<p>Durante la jornada de este s\u00e1bado, Deportivo Merlo hizo un reconocimiento a Felipe De La Riva, actual DT de Acassuso y con pasado en la instituci\u00f3n de Parque San Mart\u00edn. All\u00ed, logr\u00f3 el hist\u00f3rico ascenso a la B Nacional.<\/p>\n","protected":false},"excerpt":{"rendered":"<p>El Charro se impuso ante Acassuso por 1 a 0, como local, en el debut del Apertura de la B<\/p>\n","protected":false},"author":1,"featured_media":40272,"comment_status":"closed","ping_status":"open","sticky":false,"template":"","format":"standard","meta":{"colormag_page_container_layout":"default_layout","colormag_page_sidebar_layout":"default_layout","footnotes":""},"categories":[11],"tags":[5147,154],"class_list":["post-40270","post","type-post","status-publish","format-standard","has-post-thumbnail","hentry","category-deportes","tag-b-metro","tag-deportivo-merlo"],"_links":{"self":[{"href":"https:\/\/sectorprensa.com.ar\/index.php?rest_route=\/wp\/v2\/posts\/40270","targetHints":{"allow":["GET"]}}],"collection":[{"href":"https:\/\/sectorprensa.com.ar\/index.php?rest_route=\/wp\/v2\/posts"}],"about":[{"href":"https:\/\/sectorprensa.com.ar\/index.php?rest_route=\/wp\/v2\/types\/post"}],"author":[{"embeddable":true,"href":"https:\/\/sectorprensa.com.ar\/index.php?rest_route=\/wp\/v2\/users\/1"}],"replies":[{"embeddable":true,"href":"https:\/\/sectorprensa.com.ar\/index.php?rest_route=%2Fwp%2Fv2%2Fcomments&post=40270"}],"version-history":[{"count":2,"href":"https:\/\/sectorprensa.com.ar\/index.php?rest_route=\/wp\/v2\/posts\/40270\/revisions"}],"predecessor-version":[{"id":40392,"href":"https:\/\/sectorprensa.com.ar\/index.php?rest_route=\/wp\/v2\/posts\/40270\/revisions\/40392"}],"wp:featuredmedia":[{"embeddable":true,"href":"https:\/\/sectorprensa.com.ar\/index.php?rest_route=\/wp\/v2\/media\/40272"}],"wp:attachment":[{"href":"https:\/\/sectorprensa.com.ar\/index.php?rest_route=%2Fwp%2Fv2%2Fmedia&parent=40270"}],"wp:term":[{"taxonomy":"category","embeddable":true,"href":"https:\/\/sectorprensa.com.ar\/index.php?rest_route=%2Fwp%2Fv2%2Fcategories&post=40270"},{"taxonomy":"post_tag","embeddable":true,"href":"https:\/\/sectorprensa.com.ar\/index.php?rest_route=%2Fwp%2Fv2%2Ftags&post=40270"}],"curies":[{"name":"wp","href":"https:\/\/api.w.org\/{rel}","templated":true}]}}