{"id":40386,"date":"2022-02-15T00:00:54","date_gmt":"2022-02-15T03:00:54","guid":{"rendered":"https:\/\/sectorprensa.com.ar\/?p=40386"},"modified":"2022-02-22T14:08:57","modified_gmt":"2022-02-22T17:08:57","slug":"moron-abrio-un-nuevo-espacio-de-maternidad-en-un-jardin-de-infantes","status":"publish","type":"post","link":"https:\/\/sectorprensa.com.ar\/?p=40386","title":{"rendered":"MOR\u00d3N ABRI\u00d3 UN NUEVO ESPACIO DE MATERNIDAD EN UN JARD\u00cdN DE INFANTES"},"content":{"rendered":"<h6><strong>El Estado local inaugur\u00f3 una nueva sala para lactantes, desde los 45 d\u00edas de vida en el Jard\u00edn Municipal N\u00b012 \u201cEva Per\u00f3n\u201d. De esta forma, el Municipio suma otro jard\u00edn con espacio maternal.<\/strong><\/h6>\n<p><!--more--><\/p>\n<p>Con fondos municipales, el Gobierno local cre\u00f3 una sala de lactantes en el Jard\u00edn Municipal N\u00b012 \u201cEva Per\u00f3n\u201d, ubicado en Mendoza 438 de Mor\u00f3n centro. La puesta en valor consisti\u00f3 en el acondicionamiento e instalaci\u00f3n de una nueva sala con cunas y mobiliario espec\u00edfico para el cuidado de ni\u00f1os y ni\u00f1as en per\u00edodo de lactancia, desde los 45 d\u00edas de su nacimiento. Esta ma\u00f1ana, el intendente Lucas Ghi particip\u00f3 de su inauguraci\u00f3n junto a la comunidad educativa.<\/p>\n<p>El jard\u00edn maternal y de infantes, que comenz\u00f3 su ciclo lectivo, fue inaugurado en 2006 por la gesti\u00f3n del intendente Ghi. \u201cSiempre es motivo de alegr\u00eda que nuestra capacidad de alojar ni\u00f1os y ni\u00f1as en el sistema municipal de educaci\u00f3n se agrande, tenga m\u00e1s posibilidades de contener los sue\u00f1os, las expectativas y el derecho fundamentalmente de nuestras familias de apostar a la educaci\u00f3n. En especial a la educaci\u00f3n inicial, a la educaci\u00f3n desde la m\u00e1s temprana edad\u201d, resalt\u00f3 el jefe comunal.<\/p>\n<blockquote class=\"wp-embedded-content\" data-secret=\"dZZE3asjRh\"><p><a href=\"https:\/\/sectorprensa.com.ar\/se-licito-la-obra-de-reconstruccion-de-la-escuela-primaria-no50-de-castelar\/\">SE LICIT\u00d3 LA OBRA DE RECONSTRUCCI\u00d3N DE LA ESCUELA PRIMARIA N\u00ba50 DE CASTELAR<\/a><\/p><\/blockquote>\n<p><iframe loading=\"lazy\" class=\"wp-embedded-content\" sandbox=\"allow-scripts\" security=\"restricted\" style=\"position: absolute; clip: rect(1px, 1px, 1px, 1px);\" title=\"&#8220;SE LICIT\u00d3 LA OBRA DE RECONSTRUCCI\u00d3N DE LA ESCUELA PRIMARIA N\u00ba50 DE CASTELAR&#8221; &#8212; SECTOR PRENSA\" src=\"https:\/\/sectorprensa.com.ar\/se-licito-la-obra-de-reconstruccion-de-la-escuela-primaria-no50-de-castelar\/embed\/#?secret=dZZE3asjRh\" data-secret=\"dZZE3asjRh\" width=\"600\" height=\"338\" frameborder=\"0\" marginwidth=\"0\" marginheight=\"0\" scrolling=\"no\"><\/iframe><\/p>\n<p>La nueva sala ofrece un espacio confortable, seguro y con las medidas higi\u00e9nicas necesarias para continuar con la alimentaci\u00f3n y garantizar el derecho al amamantamiento. Seg\u00fan el Ministerio de Salud de la Naci\u00f3n, la lactancia materna es fundamental para el \u00f3ptimo desarrollo del beb\u00e9 desde su nacimiento, porque le ofrece todos los nutrientes y defensas que necesita.<\/p>\n<p>Durante la jornada de apertura del nuevo espacio, tambi\u00e9n estuvieron presentes la secretaria de Educaci\u00f3n, Cultura y Deporte de Mor\u00f3n, Mar\u00eda Jos\u00e9 Peteira, la directora de educaci\u00f3n, Valeria G\u00f3mez Villa, y la directora de la UGC 1, Eliana Toledo.<\/p>\n","protected":false},"excerpt":{"rendered":"<p>El Estado local inaugur\u00f3 una nueva sala para lactantes, desde los 45 d\u00edas de vida en el Jard\u00edn Municipal N\u00b012<\/p>\n","protected":false},"author":1,"featured_media":40387,"comment_status":"closed","ping_status":"open","sticky":false,"template":"","format":"standard","meta":{"colormag_page_container_layout":"default_layout","colormag_page_sidebar_layout":"default_layout","footnotes":""},"categories":[17,5,1173,10],"tags":[770,1664,19],"class_list":["post-40386","post","type-post","status-publish","format-standard","has-post-thumbnail","hentry","category-destacadas","category-moron","category-municipales","category-sociedad","tag-jardin-de-infantes","tag-maternidad","tag-moron"],"_links":{"self":[{"href":"https:\/\/sectorprensa.com.ar\/index.php?rest_route=\/wp\/v2\/posts\/40386","targetHints":{"allow":["GET"]}}],"collection":[{"href":"https:\/\/sectorprensa.com.ar\/index.php?rest_route=\/wp\/v2\/posts"}],"about":[{"href":"https:\/\/sectorprensa.com.ar\/index.php?rest_route=\/wp\/v2\/types\/post"}],"author":[{"embeddable":true,"href":"https:\/\/sectorprensa.com.ar\/index.php?rest_route=\/wp\/v2\/users\/1"}],"replies":[{"embeddable":true,"href":"https:\/\/sectorprensa.com.ar\/index.php?rest_route=%2Fwp%2Fv2%2Fcomments&post=40386"}],"version-history":[{"count":1,"href":"https:\/\/sectorprensa.com.ar\/index.php?rest_route=\/wp\/v2\/posts\/40386\/revisions"}],"predecessor-version":[{"id":40388,"href":"https:\/\/sectorprensa.com.ar\/index.php?rest_route=\/wp\/v2\/posts\/40386\/revisions\/40388"}],"wp:featuredmedia":[{"embeddable":true,"href":"https:\/\/sectorprensa.com.ar\/index.php?rest_route=\/wp\/v2\/media\/40387"}],"wp:attachment":[{"href":"https:\/\/sectorprensa.com.ar\/index.php?rest_route=%2Fwp%2Fv2%2Fmedia&parent=40386"}],"wp:term":[{"taxonomy":"category","embeddable":true,"href":"https:\/\/sectorprensa.com.ar\/index.php?rest_route=%2Fwp%2Fv2%2Fcategories&post=40386"},{"taxonomy":"post_tag","embeddable":true,"href":"https:\/\/sectorprensa.com.ar\/index.php?rest_route=%2Fwp%2Fv2%2Ftags&post=40386"}],"curies":[{"name":"wp","href":"https:\/\/api.w.org\/{rel}","templated":true}]}}