{"id":40407,"date":"2022-02-16T08:00:34","date_gmt":"2022-02-16T11:00:34","guid":{"rendered":"https:\/\/sectorprensa.com.ar\/?p=40407"},"modified":"2022-02-22T14:09:28","modified_gmt":"2022-02-22T17:09:28","slug":"continuan-las-actividades-deportivas-en-san-isidro","status":"publish","type":"post","link":"https:\/\/sectorprensa.com.ar\/?p=40407","title":{"rendered":"CONTIN\u00daAN LAS ACTIVIDADES DEPORTIVAS EN SAN ISIDRO"},"content":{"rendered":"<h6><strong class=\"bajada\">El Municipio brinda a los vecinos clases deportivas y recreativas para desarrollar durante la semana en las distintas plazas y espacios p\u00fablicos del distrito.<\/strong><\/h6>\n<p><!--more--><\/p>\n<div class=\"row\">\n<div class=\"col-md-1 col-sticky\">\n<div class=\"inner-share-bar cf\">\n<div class=\"item\">\n<p>El objetivo es fomentar el deporte al aire libre, donde se potencia la inmunidad, mejora el nivel de endorfinas, reduce el cansancio, intensifica el gasto energ\u00e9tico y mejora la salud mental, entre otros beneficios.<\/p>\n<p><strong>Running Fit<\/strong><\/p>\n<p>Estas clases de entrenamiento funcional de fuerza, resistencia, flexibilidad, velocidad articular al aire libre, se pueden encontrar los d\u00edas lunes en el Paseo de Bicicletas (Unidad Nacional e Italia, Mart\u00ednez) de 18:30 a 20:00.<\/p>\n<p>Los d\u00edas martes de 9:30 a 10:20 en el Paseo de los Inmigrantes (Piedrabuena y Ucrania, Villa Adelina).<\/p>\n<p>Tambi\u00e9n los d\u00edas mi\u00e9rcoles en el Parque P\u00fablico de Villa Adelina (Colombres y Jose Maria Moreno) de 18:00 a 18:50, y los jueves en el San Isidro Golf Club (Segundo Fernandez y Diego Palma) de 18:30 a 19:20.<\/p>\n<p><strong>Si Baila<\/strong><\/p>\n<p>Cumbia, reggaeton, salsa, bachata, urbano y m\u00e1s. Una actividad aer\u00f3bica al aire libre, sin l\u00edmite de edad que se puede aprovechar los d\u00edas martes en la Plaza Belgrano (Dean Funes y La Calandria, Villa Adelina) de 8:00 a 08:50 y en la Plaza Beccar (Maestro Santana y Padre Acevedo) los d\u00edas s\u00e1bados de 9:00 a 9:50.<\/p>\n<p><strong>Yoga<\/strong><\/p>\n<p>Para los vecinos interesados en mantener la uni\u00f3n entre mente, cuerpo y esp\u00edritu. El distrito ofrece clases gratuitas al aire libre de relajaci\u00f3n, respiraci\u00f3n y equilibrio del estr\u00e9s.<\/p>\n<p>Los vecinos interesados se pueden acercar los domingos al Paseo de Bicicletas (Unidad Nacional e Italia, Mart\u00ednez) de 8:30 a 9:20 para disfrutar de esta disciplina.<\/p>\n<p><strong>Ritmos Caribe\u00f1os<\/strong><\/p>\n<p>Los d\u00edas mi\u00e9rcoles de 21:00 a 21:50 y los jueves de 19:00 a 19:50 en el Paseo de Bicicletas (Unidad Nacional e Italia, Mart\u00ednez), los vecinos pueden disfrutar de una clase, que var\u00eda de ritmos como salsa, bachata, merengue y chachach\u00e1.<\/p>\n<p>Mientras que los s\u00e1bados, este ritmo visita el Parque P\u00fablico de Villa Adelina (Colombres y Jose Maria Moreno) de 10:30 a 11:20.<\/p>\n<p>En caso de lluvia, las actividades se suspenden.<\/p>\n<blockquote class=\"wp-embedded-content\" data-secret=\"ikBR5kJLmJ\"><p><a href=\"https:\/\/sectorprensa.com.ar\/san-isidro-vuelven-los-cursos-y-talleres-culturales-para-jovenes-y-adultos\/\">SAN ISIDRO: VUELVEN LOS CURSOS Y TALLERES CULTURALES PARA J\u00d3VENES Y ADULTOS<\/a><\/p><\/blockquote>\n<p><iframe loading=\"lazy\" class=\"wp-embedded-content\" sandbox=\"allow-scripts\" security=\"restricted\" style=\"position: absolute; clip: rect(1px, 1px, 1px, 1px);\" title=\"&#8220;SAN ISIDRO: VUELVEN LOS CURSOS Y TALLERES CULTURALES PARA J\u00d3VENES Y ADULTOS&#8221; &#8212; SECTOR PRENSA\" src=\"https:\/\/sectorprensa.com.ar\/san-isidro-vuelven-los-cursos-y-talleres-culturales-para-jovenes-y-adultos\/embed\/#?secret=ikBR5kJLmJ\" data-secret=\"ikBR5kJLmJ\" width=\"600\" height=\"338\" frameborder=\"0\" marginwidth=\"0\" marginheight=\"0\" scrolling=\"no\"><\/iframe><\/p>\n<\/div>\n<\/div>\n<\/div>\n<\/div>\n","protected":false},"excerpt":{"rendered":"<p>El Municipio brinda a los vecinos clases deportivas y recreativas para desarrollar durante la semana en las distintas plazas y<\/p>\n","protected":false},"author":1,"featured_media":40408,"comment_status":"closed","ping_status":"open","sticky":false,"template":"","format":"standard","meta":{"colormag_page_container_layout":"default_layout","colormag_page_sidebar_layout":"default_layout","footnotes":""},"categories":[17,1173,10],"tags":[6108,3080],"class_list":["post-40407","post","type-post","status-publish","format-standard","has-post-thumbnail","hentry","category-destacadas","category-municipales","category-sociedad","tag-actividades-deportivas","tag-san-isidro"],"_links":{"self":[{"href":"https:\/\/sectorprensa.com.ar\/index.php?rest_route=\/wp\/v2\/posts\/40407","targetHints":{"allow":["GET"]}}],"collection":[{"href":"https:\/\/sectorprensa.com.ar\/index.php?rest_route=\/wp\/v2\/posts"}],"about":[{"href":"https:\/\/sectorprensa.com.ar\/index.php?rest_route=\/wp\/v2\/types\/post"}],"author":[{"embeddable":true,"href":"https:\/\/sectorprensa.com.ar\/index.php?rest_route=\/wp\/v2\/users\/1"}],"replies":[{"embeddable":true,"href":"https:\/\/sectorprensa.com.ar\/index.php?rest_route=%2Fwp%2Fv2%2Fcomments&post=40407"}],"version-history":[{"count":1,"href":"https:\/\/sectorprensa.com.ar\/index.php?rest_route=\/wp\/v2\/posts\/40407\/revisions"}],"predecessor-version":[{"id":40409,"href":"https:\/\/sectorprensa.com.ar\/index.php?rest_route=\/wp\/v2\/posts\/40407\/revisions\/40409"}],"wp:featuredmedia":[{"embeddable":true,"href":"https:\/\/sectorprensa.com.ar\/index.php?rest_route=\/wp\/v2\/media\/40408"}],"wp:attachment":[{"href":"https:\/\/sectorprensa.com.ar\/index.php?rest_route=%2Fwp%2Fv2%2Fmedia&parent=40407"}],"wp:term":[{"taxonomy":"category","embeddable":true,"href":"https:\/\/sectorprensa.com.ar\/index.php?rest_route=%2Fwp%2Fv2%2Fcategories&post=40407"},{"taxonomy":"post_tag","embeddable":true,"href":"https:\/\/sectorprensa.com.ar\/index.php?rest_route=%2Fwp%2Fv2%2Ftags&post=40407"}],"curies":[{"name":"wp","href":"https:\/\/api.w.org\/{rel}","templated":true}]}}