{"id":40838,"date":"2022-02-25T06:00:32","date_gmt":"2022-02-25T09:00:32","guid":{"rendered":"https:\/\/sectorprensa.com.ar\/?p=40838"},"modified":"2022-02-24T13:32:05","modified_gmt":"2022-02-24T16:32:05","slug":"moreno-un-policia-se-resistio-a-un-robo-y-baleo-a-un-motochorro","status":"publish","type":"post","link":"https:\/\/sectorprensa.com.ar\/?p=40838","title":{"rendered":"MORENO: UN POLIC\u00cdA SE RESISTI\u00d3 A UN ROBO Y BALE\u00d3 A UN MOTOCHORRO"},"content":{"rendered":"<h6><strong>Ocurri\u00f3 en la esquina de las calles Juana de Ibarborou y Malabia, en Cuartel V. El delincuente est\u00e1 muy grave.<\/strong><\/h6>\n<p><!--more--><\/p>\n<p>Un efectivo de la Polic\u00eda de la Ciudad se tirote\u00f3 el mi\u00e9rcoles por la tarde con dos \u201cmotochorros\u201d que intentaron asaltarlo en el partido de Moreno, y uno de los delincuentes permanece internado en grave estado luego de recibir un disparo en el abdomen.<\/p>\n<p>El hecho ocurri\u00f3 en la esquina de las calles Juana de Ibarborou y Malabia, en la localidad de Cuartel V, por donde circulaba a bordo de una motocicleta un polic\u00eda porte\u00f1o, franco de servicio y vestido de civil.<\/p>\n<p>En esas circunstancias el polic\u00eda fue sorprendido por dos hombres armados que se trasladaban en otra de moto de alta cilindrada, con fines de robo.<\/p>\n<p>El polic\u00eda se resisti\u00f3 al asalto y se produjo un intercambio de disparos con los \u201cmotochorros\u201d, uno de los cu\u00e1les result\u00f3 herido en el abdomen.<\/p>\n<p>En ese marco, el c\u00f3mplice del ladr\u00f3n herido lo rescat\u00f3 y lo subi\u00f3 a la moto, con la cual lo traslad\u00f3 hacia la Unidad de Pronta Atenci\u00f3n (UPA) 12 de Moreno, ubicada a unas 20 cuadras.<\/p>\n<p>All\u00ed el delincuente abandon\u00f3 a su c\u00f3mplice herido (identificado como Juan Jos\u00e9 Fern\u00e1ndez, de 24 a\u00f1os) y se fug\u00f3. Por la complejidad de la herida de bala, el asaltante fue derivado al hospital Mercante de la localidad vecina de Jos\u00e9 C. Paz, donde fue operado y est\u00e1 internado en estado cr\u00edtico. Por su parte, el oficial de la Polic\u00eda de la Ciudad result\u00f3 ileso del tiroteo.<\/p>\n<p>Interviene en la causa el fiscal Leandro Ventricelli, de la Unidad Funcional de Instrucci\u00f3n (UFI) 1 del Departamento Judicial de Moreno-General Rodr\u00edguez.<\/p>\n<blockquote class=\"wp-embedded-content\" data-secret=\"IWCQaFWtYS\"><p><a href=\"https:\/\/sectorprensa.com.ar\/video-violento-robo-a-una-peluqueria-en-el-lugar-estaba-un-nene-de-7-anos\/\">[VIDEO] VIOLENTO ROBO A UNA PELUQUER\u00cdA, EN EL LUGAR ESTABA UN NENE DE 7 A\u00d1OS<\/a><\/p><\/blockquote>\n<p><iframe loading=\"lazy\" class=\"wp-embedded-content\" sandbox=\"allow-scripts\" security=\"restricted\" style=\"position: absolute; clip: rect(1px, 1px, 1px, 1px);\" title=\"&#8220;[VIDEO] VIOLENTO ROBO A UNA PELUQUER\u00cdA, EN EL LUGAR ESTABA UN NENE DE 7 A\u00d1OS&#8221; &#8212; SECTOR PRENSA\" src=\"https:\/\/sectorprensa.com.ar\/video-violento-robo-a-una-peluqueria-en-el-lugar-estaba-un-nene-de-7-anos\/embed\/#?secret=IWCQaFWtYS\" data-secret=\"IWCQaFWtYS\" width=\"600\" height=\"338\" frameborder=\"0\" marginwidth=\"0\" marginheight=\"0\" scrolling=\"no\"><\/iframe><\/p>\n","protected":false},"excerpt":{"rendered":"<p>Ocurri\u00f3 en la esquina de las calles Juana de Ibarborou y Malabia, en Cuartel V. El delincuente est\u00e1 muy grave.<\/p>\n","protected":false},"author":1,"featured_media":40839,"comment_status":"closed","ping_status":"open","sticky":false,"template":"","format":"standard","meta":{"colormag_page_container_layout":"default_layout","colormag_page_sidebar_layout":"default_layout","footnotes":""},"categories":[1,2154,12],"tags":[2327,2297,1824,164,74,854],"class_list":["post-40838","post","type-post","status-publish","format-standard","has-post-thumbnail","hentry","category-destacado","category-moreno","category-policiales","tag-cuartel-v","tag-herido","tag-motochorro","tag-policia","tag-robo","tag-tiroteo"],"_links":{"self":[{"href":"https:\/\/sectorprensa.com.ar\/index.php?rest_route=\/wp\/v2\/posts\/40838","targetHints":{"allow":["GET"]}}],"collection":[{"href":"https:\/\/sectorprensa.com.ar\/index.php?rest_route=\/wp\/v2\/posts"}],"about":[{"href":"https:\/\/sectorprensa.com.ar\/index.php?rest_route=\/wp\/v2\/types\/post"}],"author":[{"embeddable":true,"href":"https:\/\/sectorprensa.com.ar\/index.php?rest_route=\/wp\/v2\/users\/1"}],"replies":[{"embeddable":true,"href":"https:\/\/sectorprensa.com.ar\/index.php?rest_route=%2Fwp%2Fv2%2Fcomments&post=40838"}],"version-history":[{"count":1,"href":"https:\/\/sectorprensa.com.ar\/index.php?rest_route=\/wp\/v2\/posts\/40838\/revisions"}],"predecessor-version":[{"id":40840,"href":"https:\/\/sectorprensa.com.ar\/index.php?rest_route=\/wp\/v2\/posts\/40838\/revisions\/40840"}],"wp:featuredmedia":[{"embeddable":true,"href":"https:\/\/sectorprensa.com.ar\/index.php?rest_route=\/wp\/v2\/media\/40839"}],"wp:attachment":[{"href":"https:\/\/sectorprensa.com.ar\/index.php?rest_route=%2Fwp%2Fv2%2Fmedia&parent=40838"}],"wp:term":[{"taxonomy":"category","embeddable":true,"href":"https:\/\/sectorprensa.com.ar\/index.php?rest_route=%2Fwp%2Fv2%2Fcategories&post=40838"},{"taxonomy":"post_tag","embeddable":true,"href":"https:\/\/sectorprensa.com.ar\/index.php?rest_route=%2Fwp%2Fv2%2Ftags&post=40838"}],"curies":[{"name":"wp","href":"https:\/\/api.w.org\/{rel}","templated":true}]}}