{"id":41102,"date":"2022-03-02T19:51:16","date_gmt":"2022-03-02T22:51:16","guid":{"rendered":"https:\/\/sectorprensa.com.ar\/?p=41102"},"modified":"2022-03-02T19:51:16","modified_gmt":"2022-03-02T22:51:16","slug":"merlo-una-formacion-del-tren-sarmiento-choco-a-un-camion-de-caudales","status":"publish","type":"post","link":"https:\/\/sectorprensa.com.ar\/?p=41102","title":{"rendered":"MERLO: UNA FORMACI\u00d3N DEL TREN SARMIENTO CHOC\u00d3 A UN CAMI\u00d3N DE CAUDALES"},"content":{"rendered":"<h6><strong>Ocurri\u00f3 en el paso a nivel de la calle 25 de mayo. Se investiga si el veh\u00edculo cruz\u00f3 con la barrera baja. Afortunadamente, no hay heridos.<\/strong><\/h6>\n<p><!--more--><\/p>\n<p>Hace minutos, una formaci\u00f3n del tren Sarmiento choc\u00f3 contra un cami\u00f3n de caudales en el paso a nivel de la calle 25 de mayo, en Merlo, sentido a Moreno.<\/p>\n<p>El accidente est\u00e1 siendo investigado, aunque se cree que el cami\u00f3n cruz\u00f3 con la barrera baja. Afortunadamente, no hubo heridos, aunque s\u00ed el servicio funcion\u00f3 con demoras.<\/p>\n<p>Seg\u00fan averigu\u00f3 Sector Prensa, el tren embisti\u00f3 al veh\u00edculo a la altura de la trompa, por lo que el motor se llev\u00f3 la peor parte.<\/p>\n<p>Cabe destacar que en el lugar trabaj\u00f3 personal del Comando de Patrullas de Merlo y el servicio ya funciona con normalidad.<\/p>\n<blockquote class=\"wp-embedded-content\" data-secret=\"1TsvIi5avg\"><p><a href=\"https:\/\/sectorprensa.com.ar\/tren-sarmiento-nuevo-tramo-marcos-paz-las-heras\/\">TREN SARMIENTO: NUEVO TRAMO MARCOS PAZ \u2013 LAS HERAS<\/a><\/p><\/blockquote>\n<p><iframe loading=\"lazy\" class=\"wp-embedded-content\" sandbox=\"allow-scripts\" security=\"restricted\" style=\"position: absolute; clip: rect(1px, 1px, 1px, 1px);\" title=\"&#8220;TREN SARMIENTO: NUEVO TRAMO MARCOS PAZ \u2013 LAS HERAS&#8221; &#8212; SECTOR PRENSA\" src=\"https:\/\/sectorprensa.com.ar\/tren-sarmiento-nuevo-tramo-marcos-paz-las-heras\/embed\/#?secret=1TsvIi5avg\" data-secret=\"1TsvIi5avg\" width=\"600\" height=\"338\" frameborder=\"0\" marginwidth=\"0\" marginheight=\"0\" scrolling=\"no\"><\/iframe><\/p>\n","protected":false},"excerpt":{"rendered":"<p>Ocurri\u00f3 en el paso a nivel de la calle 25 de mayo. Se investiga si el veh\u00edculo cruz\u00f3 con la<\/p>\n","protected":false},"author":1,"featured_media":41103,"comment_status":"closed","ping_status":"open","sticky":false,"template":"","format":"standard","meta":{"colormag_page_container_layout":"default_layout","colormag_page_sidebar_layout":"default_layout","footnotes":""},"categories":[1,7,12,10],"tags":[412,3754,25,149],"class_list":["post-41102","post","type-post","status-publish","format-standard","has-post-thumbnail","hentry","category-destacado","category-merlo","category-policiales","category-sociedad","tag-accidente","tag-colision","tag-merlo","tag-tren-sarmiento"],"_links":{"self":[{"href":"https:\/\/sectorprensa.com.ar\/index.php?rest_route=\/wp\/v2\/posts\/41102","targetHints":{"allow":["GET"]}}],"collection":[{"href":"https:\/\/sectorprensa.com.ar\/index.php?rest_route=\/wp\/v2\/posts"}],"about":[{"href":"https:\/\/sectorprensa.com.ar\/index.php?rest_route=\/wp\/v2\/types\/post"}],"author":[{"embeddable":true,"href":"https:\/\/sectorprensa.com.ar\/index.php?rest_route=\/wp\/v2\/users\/1"}],"replies":[{"embeddable":true,"href":"https:\/\/sectorprensa.com.ar\/index.php?rest_route=%2Fwp%2Fv2%2Fcomments&post=41102"}],"version-history":[{"count":1,"href":"https:\/\/sectorprensa.com.ar\/index.php?rest_route=\/wp\/v2\/posts\/41102\/revisions"}],"predecessor-version":[{"id":41104,"href":"https:\/\/sectorprensa.com.ar\/index.php?rest_route=\/wp\/v2\/posts\/41102\/revisions\/41104"}],"wp:featuredmedia":[{"embeddable":true,"href":"https:\/\/sectorprensa.com.ar\/index.php?rest_route=\/wp\/v2\/media\/41103"}],"wp:attachment":[{"href":"https:\/\/sectorprensa.com.ar\/index.php?rest_route=%2Fwp%2Fv2%2Fmedia&parent=41102"}],"wp:term":[{"taxonomy":"category","embeddable":true,"href":"https:\/\/sectorprensa.com.ar\/index.php?rest_route=%2Fwp%2Fv2%2Fcategories&post=41102"},{"taxonomy":"post_tag","embeddable":true,"href":"https:\/\/sectorprensa.com.ar\/index.php?rest_route=%2Fwp%2Fv2%2Ftags&post=41102"}],"curies":[{"name":"wp","href":"https:\/\/api.w.org\/{rel}","templated":true}]}}