{"id":41279,"date":"2022-03-08T19:19:44","date_gmt":"2022-03-08T22:19:44","guid":{"rendered":"https:\/\/sectorprensa.com.ar\/?p=41279"},"modified":"2022-03-08T19:20:49","modified_gmt":"2022-03-08T22:20:49","slug":"indec-dio-a-conocer-la-situacion-economica-de-las-mujeres-en-argentina","status":"publish","type":"post","link":"https:\/\/sectorprensa.com.ar\/?p=41279","title":{"rendered":"INDEC DIO A CONOCER LA SITUACI\u00d3N ECON\u00d3MICA DE LAS MUJERES EN ARGENTINA"},"content":{"rendered":"<h6><strong>El organismo p\u00fablico hizo un relevo sobre la situaci\u00f3n econ\u00f3mica y sociohist\u00f3rica de las mujeres en el pa\u00eds. M\u00e1s del 80% hace trabajos dom\u00e9sticos no remunerados, mientras que 4 de cada 10 trabajan informalmente.<\/strong><\/h6>\n<p><!--more--><\/p>\n<p>En el D\u00eda Internacional de la Mujer, el INDEC realiz\u00f3 un informe en el que demuestra la situaci\u00f3n econ\u00f3mica y sociohist\u00f3rica de las mujeres en la Argentina, el mismo contiene diversos \u00edndices.<\/p>\n<p>En un escrito de 29 p\u00e1ginas, el organismo p\u00fablico informa que \u00ablas mujeres viven en promedio m\u00e1s a\u00f1os que los varones, lo cual aumenta su presencia relativa en la estructura poblacional con el paso del tiempo\u00bb. La poblaci\u00f3n femenina tiene un promedio de edad mayor a 81 a\u00f1os, mientras que la masculina ronda los 75.<\/p>\n<p>Por otra parte, remarcaron que las mujeres cada vez tienen menos hijos, esto con respecto a la imposici\u00f3n de la maternidad, ya que \u00abel descenso sostenido de los niveles de fecundidad refleja cambios en las decisiones y pr\u00e1cticas reproductivas\u00bb.<\/p>\n<p>Sobre el acceso diferencial a la educaci\u00f3n, comunicaron: \u00abEl acceso diferencial a la educaci\u00f3n conlleva diversosintereses, valores y actitudes. Las mujeres presentan mayores tasas de asistencia al sistema educativo formal y, sin embargo, la posibilidad de acceder a los niveles m\u00e1s altos var\u00eda seg\u00fan su posici\u00f3n en la estructura econ\u00f3mica. Asimismo, se observan diferencias en cuanto a las carreras elegidas: las mujeres participan, en mayor medida, en las vinculadas a las ciencias humanas y de la salud\u00bb.<\/p>\n<p>Con respecto al trabajo, mientras casi el 69% de la poblaci\u00f3n masculina se inmiscuye en la tasa de actividad y el 64% es parte de la tasa de empleo, la mujer cuenta con poco menos del 49% en el primer grupo mencionado y tan s\u00f3lo el 44% en el segundo. Cifras que reflejan una brecha laboral y discriminaci\u00f3n.<\/p>\n<p>En esa l\u00ednea, la porci\u00f3n de personas m\u00e1s marginadas existe en la franja etaria de entre 30 y 64 a\u00f1os donde m\u00e1s del 86% de los hombres tienen trabajo al mismo tiempo que poco m\u00e1s del 63% de las mujeres. Es decir que m\u00e1s de un tercio de la poblaci\u00f3n adulta femenina no tiene trabajo.<\/p>\n<p>En la poblaci\u00f3n de entre 14 y 29 a\u00f1os, las mujeres tienen empleo en un 31%, mientras que los hombres un 44%. Adem\u00e1s, s\u00f3lo 9% de las mayores de 65 a\u00f1os tienen un trabajo contra el 21% del masculino.<\/p>\n<p>De modo que la tasa de desocupaci\u00f3n roza los dos d\u00edgitos en la poblaci\u00f3n femenina versus el 7% en varones, a la vez que la tasa de subocupaci\u00f3n horaria (que menos de 35 horas semanales por causas involuntarias y desean trabajar m\u00e1s tiempo) orrilla el 16% en las mujeres al un\u00edsono que en los hombres es menor al 10%.<\/p>\n<p>Si se trata de los sueldos, el informe indica que el 82% de las mujeres realizan tareas dom\u00e9sticas no remuneradas, mientras que en los hombres se da en un 45%.<\/p>\n<p>En esa l\u00ednea, con un universo de argentinas y argentinos superior al 36% de la poblaci\u00f3n total bajo niveles de trabajo informal, 4 de cada 10 mujeres est\u00e1 sumidas en la labor no registrada, una m\u00e1s que en el caso masculino que indica 3 de cada 10.<\/p>\n<p>Desde el INDEC, reportaron que hay niveles similares: \u00abCon similares niveles de informalidad laboral, el ingreso medio de las mujeres asalariadas sin descuento jubilatorio representa el 65% del ingreso de los varones\u00bb.<\/p>\n<blockquote class=\"wp-embedded-content\" data-secret=\"8eym9P1Vg2\"><p><a href=\"https:\/\/sectorprensa.com.ar\/moreno-taller-de-formacion-para-promotoras-de-genero-y-diversidades-micaela-garcia\/\">MORENO: TALLER DE FORMACI\u00d3N PARA PROMOTORAS DE G\u00c9NERO Y DIVERSIDADES \u201cMICAELA GARC\u00cdA\u201d<\/a><\/p><\/blockquote>\n<p><iframe loading=\"lazy\" class=\"wp-embedded-content\" sandbox=\"allow-scripts\" security=\"restricted\" style=\"position: absolute; clip: rect(1px, 1px, 1px, 1px);\" title=\"&#8220;MORENO: TALLER DE FORMACI\u00d3N PARA PROMOTORAS DE G\u00c9NERO Y DIVERSIDADES \u201cMICAELA GARC\u00cdA\u201d&#8221; &#8212; SECTOR PRENSA\" src=\"https:\/\/sectorprensa.com.ar\/moreno-taller-de-formacion-para-promotoras-de-genero-y-diversidades-micaela-garcia\/embed\/#?secret=8eym9P1Vg2\" data-secret=\"8eym9P1Vg2\" width=\"600\" height=\"338\" frameborder=\"0\" marginwidth=\"0\" marginheight=\"0\" scrolling=\"no\"><\/iframe><\/p>\n","protected":false},"excerpt":{"rendered":"<p>El organismo p\u00fablico hizo un relevo sobre la situaci\u00f3n econ\u00f3mica y sociohist\u00f3rica de las mujeres en el pa\u00eds. M\u00e1s del<\/p>\n","protected":false},"author":1,"featured_media":41280,"comment_status":"closed","ping_status":"open","sticky":false,"template":"","format":"standard","meta":{"colormag_page_container_layout":"default_layout","colormag_page_sidebar_layout":"default_layout","footnotes":""},"categories":[17,10],"tags":[3625,2194],"class_list":["post-41279","post","type-post","status-publish","format-standard","has-post-thumbnail","hentry","category-destacadas","category-sociedad","tag-indec","tag-mujeres"],"_links":{"self":[{"href":"https:\/\/sectorprensa.com.ar\/index.php?rest_route=\/wp\/v2\/posts\/41279","targetHints":{"allow":["GET"]}}],"collection":[{"href":"https:\/\/sectorprensa.com.ar\/index.php?rest_route=\/wp\/v2\/posts"}],"about":[{"href":"https:\/\/sectorprensa.com.ar\/index.php?rest_route=\/wp\/v2\/types\/post"}],"author":[{"embeddable":true,"href":"https:\/\/sectorprensa.com.ar\/index.php?rest_route=\/wp\/v2\/users\/1"}],"replies":[{"embeddable":true,"href":"https:\/\/sectorprensa.com.ar\/index.php?rest_route=%2Fwp%2Fv2%2Fcomments&post=41279"}],"version-history":[{"count":2,"href":"https:\/\/sectorprensa.com.ar\/index.php?rest_route=\/wp\/v2\/posts\/41279\/revisions"}],"predecessor-version":[{"id":41294,"href":"https:\/\/sectorprensa.com.ar\/index.php?rest_route=\/wp\/v2\/posts\/41279\/revisions\/41294"}],"wp:featuredmedia":[{"embeddable":true,"href":"https:\/\/sectorprensa.com.ar\/index.php?rest_route=\/wp\/v2\/media\/41280"}],"wp:attachment":[{"href":"https:\/\/sectorprensa.com.ar\/index.php?rest_route=%2Fwp%2Fv2%2Fmedia&parent=41279"}],"wp:term":[{"taxonomy":"category","embeddable":true,"href":"https:\/\/sectorprensa.com.ar\/index.php?rest_route=%2Fwp%2Fv2%2Fcategories&post=41279"},{"taxonomy":"post_tag","embeddable":true,"href":"https:\/\/sectorprensa.com.ar\/index.php?rest_route=%2Fwp%2Fv2%2Ftags&post=41279"}],"curies":[{"name":"wp","href":"https:\/\/api.w.org\/{rel}","templated":true}]}}