{"id":41296,"date":"2022-03-08T22:15:59","date_gmt":"2022-03-09T01:15:59","guid":{"rendered":"https:\/\/sectorprensa.com.ar\/?p=41296"},"modified":"2022-03-08T22:15:59","modified_gmt":"2022-03-09T01:15:59","slug":"tomemos-el-coraje-que-tuvo-cristina-cuando-goberno","status":"publish","type":"post","link":"https:\/\/sectorprensa.com.ar\/?p=41296","title":{"rendered":"\u00abTOMEMOS EL CORAJE QUE TUVO CRISTINA CUANDO GOBERN\u00d3\u00bb"},"content":{"rendered":"<h6><strong>Alberto Fern\u00e1ndez, record\u00f3 el mandato de Cristina Fern\u00e1ndez de Kirchner\u00a0 durante el acto del 8M en Jos\u00e9 C. Paz.<\/strong><\/h6>\n<p><!--more--><\/p>\n<p>El Presidente Alberto Fern\u00e1ndez encabez\u00f3 un acto por el D\u00eda Internacional de la Mujer en la localidad de Jos\u00e9 C. Paz. All\u00ed, reivindic\u00f3 a Cristina Fern\u00e1ndez de Kirchner, quien hoy es la Vicepresidenta.<\/p>\n<p>En el final de la jornada del 8M, que cont\u00f3 con movilizaciones en diferentes lugares, Fern\u00e1ndez se refiri\u00f3 a quien fue la Presidenta de los argentinos en dos ocasiones. Destac\u00f3 que, a pesar de no haberle tocado un tiempo f\u00e1cil para gobernar, \u00abnunca baj\u00f3 los brazos\u00bb.<\/p>\n<p>El primer mandatario record\u00f3 a los que se enfrent\u00f3 Cristina durante su gesti\u00f3n: \u201cQuiero que tomemos el coraje que tuvo Cristina cuando tuvo que gobernar el pa\u00eds en a\u00f1os dif\u00edciles. Tuvo que soportar la crisis de 2008, cuando el mundo estall\u00f3, cuando el capitalismo financiero se llev\u00f3 muchas econom\u00edas, y tambi\u00e9n tuvo que soportar la gripe aviar, y nunca baj\u00f3 los brazos, y siempre se apoy\u00f3 en lo mismo que yo me apoyo: el pueblo\u201d.<\/p>\n<p>En su discurso, manifest\u00f3 que siente verg\u00fcenza al saber que en nuestro pa\u00eds una mujer padece violencia de g\u00e9nero. Advirti\u00f3 que para ser una buena sociedad, todos los que la integran deben tener las mismas derechos y oportunidades.<\/p>\n<p>\u201cDebemos entender de una vez por todas que eso no puede seguir ocurriendo, y debemos denunciar a los violentos que por la sola condici\u00f3n de g\u00e9nero avasallan a una mujer\u201d, expres\u00f3 el mandatario y llam\u00f3 a \u201cno tolerar a los violentos que no aceptan la diversidad de g\u00e9nero\u201d.<\/p>\n<p>Retomando de lo que se necesita para llegar a ser una buena sociedad, enfatiz\u00f3: \u201cPara eso, nosotros, los hombres, tenemos que hacer mucho, y lo primero es respetar y poner en condici\u00f3n de igualdad a cada mujer de la Argentina\u201d.<\/p>\n<p>\u201cEn el siglo XXI es inadmisible que alguien sea discriminado por su condici\u00f3n de g\u00e9nero, o que un mismo trabajo tenga un sueldo seg\u00fan qui\u00e9n presta ese trabajo\u201d, a\u00f1adi\u00f3.<\/p>\n<p>En el evento participaron Victoria Donda (Titular del INADI), Mario Ishi (Intendente local), Marita Perceval (Secretaria de Pol\u00edticas de Igualdad y Diversidad de la Naci\u00f3n) y Beatriz Guti\u00e9rrez M\u00fcller (escritora e investigadora mexicana, esposa del Presidente de M\u00e9xico Andr\u00e9s Manuel L\u00f3pez Obrador).<\/p>\n<blockquote class=\"wp-embedded-content\" data-secret=\"ALp1WR0phd\"><p><a href=\"https:\/\/sectorprensa.com.ar\/indec-dio-a-conocer-la-situacion-economica-de-las-mujeres-en-argentina\/\">INDEC DIO A CONOCER LA SITUACI\u00d3N ECON\u00d3MICA DE LAS MUJERES EN ARGENTINA<\/a><\/p><\/blockquote>\n<p><iframe loading=\"lazy\" class=\"wp-embedded-content\" sandbox=\"allow-scripts\" security=\"restricted\" style=\"position: absolute; clip: rect(1px, 1px, 1px, 1px);\" title=\"&#8220;INDEC DIO A CONOCER LA SITUACI\u00d3N ECON\u00d3MICA DE LAS MUJERES EN ARGENTINA&#8221; &#8212; SECTOR PRENSA\" src=\"https:\/\/sectorprensa.com.ar\/indec-dio-a-conocer-la-situacion-economica-de-las-mujeres-en-argentina\/embed\/#?secret=ALp1WR0phd\" data-secret=\"ALp1WR0phd\" width=\"600\" height=\"338\" frameborder=\"0\" marginwidth=\"0\" marginheight=\"0\" scrolling=\"no\"><\/iframe><\/p>\n","protected":false},"excerpt":{"rendered":"<p>Alberto Fern\u00e1ndez, record\u00f3 el mandato de Cristina Fern\u00e1ndez de Kirchner\u00a0 durante el acto del 8M en Jos\u00e9 C. Paz.<\/p>\n","protected":false},"author":1,"featured_media":41297,"comment_status":"closed","ping_status":"open","sticky":false,"template":"","format":"standard","meta":{"colormag_page_container_layout":"default_layout","colormag_page_sidebar_layout":"default_layout","footnotes":""},"categories":[17,8,10],"tags":[3030,2951,2720,3085],"class_list":["post-41296","post","type-post","status-publish","format-standard","has-post-thumbnail","hentry","category-destacadas","category-politica","category-sociedad","tag-alberto-fernandez","tag-cristina-fernandez-de-kirchner","tag-dia-internacional-de-la-mujer","tag-jose-c-paz"],"_links":{"self":[{"href":"https:\/\/sectorprensa.com.ar\/index.php?rest_route=\/wp\/v2\/posts\/41296","targetHints":{"allow":["GET"]}}],"collection":[{"href":"https:\/\/sectorprensa.com.ar\/index.php?rest_route=\/wp\/v2\/posts"}],"about":[{"href":"https:\/\/sectorprensa.com.ar\/index.php?rest_route=\/wp\/v2\/types\/post"}],"author":[{"embeddable":true,"href":"https:\/\/sectorprensa.com.ar\/index.php?rest_route=\/wp\/v2\/users\/1"}],"replies":[{"embeddable":true,"href":"https:\/\/sectorprensa.com.ar\/index.php?rest_route=%2Fwp%2Fv2%2Fcomments&post=41296"}],"version-history":[{"count":1,"href":"https:\/\/sectorprensa.com.ar\/index.php?rest_route=\/wp\/v2\/posts\/41296\/revisions"}],"predecessor-version":[{"id":41298,"href":"https:\/\/sectorprensa.com.ar\/index.php?rest_route=\/wp\/v2\/posts\/41296\/revisions\/41298"}],"wp:featuredmedia":[{"embeddable":true,"href":"https:\/\/sectorprensa.com.ar\/index.php?rest_route=\/wp\/v2\/media\/41297"}],"wp:attachment":[{"href":"https:\/\/sectorprensa.com.ar\/index.php?rest_route=%2Fwp%2Fv2%2Fmedia&parent=41296"}],"wp:term":[{"taxonomy":"category","embeddable":true,"href":"https:\/\/sectorprensa.com.ar\/index.php?rest_route=%2Fwp%2Fv2%2Fcategories&post=41296"},{"taxonomy":"post_tag","embeddable":true,"href":"https:\/\/sectorprensa.com.ar\/index.php?rest_route=%2Fwp%2Fv2%2Ftags&post=41296"}],"curies":[{"name":"wp","href":"https:\/\/api.w.org\/{rel}","templated":true}]}}