{"id":41360,"date":"2022-03-11T08:00:15","date_gmt":"2022-03-11T11:00:15","guid":{"rendered":"https:\/\/sectorprensa.com.ar\/?p=41360"},"modified":"2022-03-10T14:23:13","modified_gmt":"2022-03-10T17:23:13","slug":"general-rodriguez-personal-del-concejo-deliberante-realizara-un-curso-de-rcp","status":"publish","type":"post","link":"https:\/\/sectorprensa.com.ar\/?p=41360","title":{"rendered":"GENERAL RODR\u00cdGUEZ: PERSONAL DEL CONCEJO DELIBERANTE REALIZAR\u00c1 UN CURSO DE RCP"},"content":{"rendered":"<h6><strong>\u201cLa idea es ayudar a salvar una vida\u201d, dijo la concejal que coordinar\u00e1 la actividad que se realizar\u00e1 el 18 de marzo.<\/strong><\/h6>\n<p><!--more--><\/p>\n<p>El pr\u00f3ximo 18 de marzo se llevar\u00e1 a cabo un curso de reanimaci\u00f3n cardiopulmonar (RCP) en las instalaciones del Honorable Concejo Deliberante de General Rodr\u00edguez.<\/p>\n<p>El mismo se desarrollar\u00e1 en dos tantas, la primera de 9.00 a 10.30 y la segunda de 10.30 a 12.00, de manera que no se vean afectadas las actividades del Legislativo.<\/p>\n<p>La actividad ser\u00e1 coordinada por la edil y vicepresidenta segunda del cuerpo deliberativo, Daniela Oro\u00f1o (Juntos), quien adem\u00e1s es guardavidas, y estar\u00e1 a cargo de Hern\u00e1n Zapata, vecino del distrito e integrante de la Organizaci\u00f3n FJU (Fuerza Joven Universal).<\/p>\n<p>Del curso, participar\u00e1 todo el personal del HCD rodriguensea cargo. En primer lugar, se realizar\u00e1 una charla te\u00f3rica para dar paso a la pr\u00e1ctica con los maniqu\u00edes de RCP, los cuales cuentan con una aplicaci\u00f3n de celular que ayuda a controlar las compresiones realizadas.<\/p>\n<p>\u201cLa idea es ayudar a salvar una vida\u201d, coment\u00f3 Oro\u00f1o.<\/p>\n<blockquote class=\"wp-embedded-content\" data-secret=\"ee3rzxLINk\"><p><a href=\"https:\/\/sectorprensa.com.ar\/rodriguez-firma-del-convenio-que-brindara-capacitacion-a-trabajadores-de-seguridad-e-higiene\/\">RODR\u00cdGUEZ: FIRMA DEL CONVENIO QUE BRINDAR\u00c1 CAPACITACI\u00d3N A TRABAJADORES DE SEGURIDAD E HIGIENE<\/a><\/p><\/blockquote>\n<p><iframe loading=\"lazy\" class=\"wp-embedded-content\" sandbox=\"allow-scripts\" security=\"restricted\" style=\"position: absolute; clip: rect(1px, 1px, 1px, 1px);\" title=\"&#8220;RODR\u00cdGUEZ: FIRMA DEL CONVENIO QUE BRINDAR\u00c1 CAPACITACI\u00d3N A TRABAJADORES DE SEGURIDAD E HIGIENE&#8221; &#8212; SECTOR PRENSA\" src=\"https:\/\/sectorprensa.com.ar\/rodriguez-firma-del-convenio-que-brindara-capacitacion-a-trabajadores-de-seguridad-e-higiene\/embed\/#?secret=ee3rzxLINk\" data-secret=\"ee3rzxLINk\" width=\"600\" height=\"338\" frameborder=\"0\" marginwidth=\"0\" marginheight=\"0\" scrolling=\"no\"><\/iframe><\/p>\n","protected":false},"excerpt":{"rendered":"<p>\u201cLa idea es ayudar a salvar una vida\u201d, dijo la concejal que coordinar\u00e1 la actividad que se realizar\u00e1 el 18<\/p>\n","protected":false},"author":1,"featured_media":41361,"comment_status":"closed","ping_status":"open","sticky":false,"template":"","format":"standard","meta":{"colormag_page_container_layout":"default_layout","colormag_page_sidebar_layout":"default_layout","footnotes":""},"categories":[17,4396,10],"tags":[5687,2164,1514],"class_list":["post-41360","post","type-post","status-publish","format-standard","has-post-thumbnail","hentry","category-destacadas","category-gral-rodriguez","category-sociedad","tag-concejo-deliberante","tag-general-rodriguez","tag-rcp"],"_links":{"self":[{"href":"https:\/\/sectorprensa.com.ar\/index.php?rest_route=\/wp\/v2\/posts\/41360","targetHints":{"allow":["GET"]}}],"collection":[{"href":"https:\/\/sectorprensa.com.ar\/index.php?rest_route=\/wp\/v2\/posts"}],"about":[{"href":"https:\/\/sectorprensa.com.ar\/index.php?rest_route=\/wp\/v2\/types\/post"}],"author":[{"embeddable":true,"href":"https:\/\/sectorprensa.com.ar\/index.php?rest_route=\/wp\/v2\/users\/1"}],"replies":[{"embeddable":true,"href":"https:\/\/sectorprensa.com.ar\/index.php?rest_route=%2Fwp%2Fv2%2Fcomments&post=41360"}],"version-history":[{"count":1,"href":"https:\/\/sectorprensa.com.ar\/index.php?rest_route=\/wp\/v2\/posts\/41360\/revisions"}],"predecessor-version":[{"id":41362,"href":"https:\/\/sectorprensa.com.ar\/index.php?rest_route=\/wp\/v2\/posts\/41360\/revisions\/41362"}],"wp:featuredmedia":[{"embeddable":true,"href":"https:\/\/sectorprensa.com.ar\/index.php?rest_route=\/wp\/v2\/media\/41361"}],"wp:attachment":[{"href":"https:\/\/sectorprensa.com.ar\/index.php?rest_route=%2Fwp%2Fv2%2Fmedia&parent=41360"}],"wp:term":[{"taxonomy":"category","embeddable":true,"href":"https:\/\/sectorprensa.com.ar\/index.php?rest_route=%2Fwp%2Fv2%2Fcategories&post=41360"},{"taxonomy":"post_tag","embeddable":true,"href":"https:\/\/sectorprensa.com.ar\/index.php?rest_route=%2Fwp%2Fv2%2Ftags&post=41360"}],"curies":[{"name":"wp","href":"https:\/\/api.w.org\/{rel}","templated":true}]}}