{"id":41485,"date":"2022-03-15T09:00:59","date_gmt":"2022-03-15T12:00:59","guid":{"rendered":"https:\/\/sectorprensa.com.ar\/?p=41485"},"modified":"2022-03-14T12:38:55","modified_gmt":"2022-03-14T15:38:55","slug":"general-rodriguez-se-firmo-el-convenio-para-que-haya-una-casa-segura","status":"publish","type":"post","link":"https:\/\/sectorprensa.com.ar\/?p=41485","title":{"rendered":"GENERAL RODR\u00cdGUEZ: SE FIRM\u00d3 EL CONVENIO PARA QUE HAYA UNA \u201cCASA SEGURA\u201d"},"content":{"rendered":"<h6><strong>El espacio garantiza la integridad f\u00edsica de mujeres y personas de la comunidad LGBTIQNB+ o en situaci\u00f3n de riesgo de este tipo de violencia.<\/strong><\/h6>\n<p><!--more--><\/p>\n<p>La Municipalidad de General Rodr\u00edguez firm\u00f3 este jueves 10 de marzo un permiso para la instalaci\u00f3n de una \u00abCasa Segura\u00bb. Se trata de un hogar municipal que tiene como principal fin asistir y contener a v\u00edctimas de violencia de g\u00e9nero.<\/p>\n<p>Se trata de un permiso \u00abde uso precario y gratuito\u00bb, seg\u00fan remarc\u00f3 la Agencia de Administraci\u00f3n de Bienes del Estado (AABE) del Gobierno nacional, y la r\u00fabrica del mismo la concretaron el intendente Mauro Garc\u00eda; el titular de la AABE, Martin Cosentino; y el Director Nacional de Gerenciamiento de Activos F\u00edsicos, Daniel Salvatore.<\/p>\n<p>Gracias a esta cesi\u00f3n, el inmueble se reacondicionar\u00e1 para la implementaci\u00f3n del sistema \u00abCasa Segura\u00bb en el distrito. Si bien todav\u00eda no se inform\u00f3 oficialmente d\u00f3nde estar\u00e1 ubicado el edificio, se anticip\u00f3 que el mismo \u00abcuenta con una superficie total de 1.039,39 metros cuadrados\u00bb.<\/p>\n<p><strong>Qu\u00e9 es Casa Segura<\/strong><\/p>\n<p>En Gral. Rodr\u00edguez, Casa Segura consistir\u00e1 en un hogar municipal donde se garantiza la integridad f\u00edsica de mujeres y personas de la Comunidad LGBTIQNB+ o en situaci\u00f3n de riesgo por violencia de g\u00e9nero, as\u00ed como de sus hijos o hijas.<\/p>\n<p>En ese \u00e1mbito, se les proporcionar\u00e1 atenci\u00f3n integral en materia de salud f\u00edsica y mental, adem\u00e1s de asistencia legal y ocupacional con perspectiva de g\u00e9nero y derechos humanos, para determinar e instrumentar estrategias personalizadas que les permitan salir de la situaci\u00f3n de violencia, logrando su empoderamiento y autonom\u00eda.<\/p>\n<blockquote class=\"wp-embedded-content\" data-secret=\"aVQlHEgak0\"><p><a href=\"https:\/\/sectorprensa.com.ar\/general-rodriguez-personal-del-concejo-deliberante-realizara-un-curso-de-rcp\/\">GENERAL RODR\u00cdGUEZ: PERSONAL DEL CONCEJO DELIBERANTE REALIZAR\u00c1 UN CURSO DE RCP<\/a><\/p><\/blockquote>\n<p><iframe loading=\"lazy\" class=\"wp-embedded-content\" sandbox=\"allow-scripts\" security=\"restricted\" style=\"position: absolute; clip: rect(1px, 1px, 1px, 1px);\" title=\"&#8220;GENERAL RODR\u00cdGUEZ: PERSONAL DEL CONCEJO DELIBERANTE REALIZAR\u00c1 UN CURSO DE RCP&#8221; &#8212; SECTOR PRENSA\" src=\"https:\/\/sectorprensa.com.ar\/general-rodriguez-personal-del-concejo-deliberante-realizara-un-curso-de-rcp\/embed\/#?secret=aVQlHEgak0\" data-secret=\"aVQlHEgak0\" width=\"600\" height=\"338\" frameborder=\"0\" marginwidth=\"0\" marginheight=\"0\" scrolling=\"no\"><\/iframe><\/p>\n","protected":false},"excerpt":{"rendered":"<p>El espacio garantiza la integridad f\u00edsica de mujeres y personas de la comunidad LGBTIQNB+ o en situaci\u00f3n de riesgo de<\/p>\n","protected":false},"author":1,"featured_media":41486,"comment_status":"closed","ping_status":"open","sticky":false,"template":"","format":"standard","meta":{"colormag_page_container_layout":"default_layout","colormag_page_sidebar_layout":"default_layout","footnotes":""},"categories":[17,4396,1173,10],"tags":[6208,1456,2164,2491,3425],"class_list":["post-41485","post","type-post","status-publish","format-standard","has-post-thumbnail","hentry","category-destacadas","category-gral-rodriguez","category-municipales","category-sociedad","tag-casa-segura","tag-convenio","tag-general-rodriguez","tag-lgbtiq","tag-mauro-garcia"],"_links":{"self":[{"href":"https:\/\/sectorprensa.com.ar\/index.php?rest_route=\/wp\/v2\/posts\/41485","targetHints":{"allow":["GET"]}}],"collection":[{"href":"https:\/\/sectorprensa.com.ar\/index.php?rest_route=\/wp\/v2\/posts"}],"about":[{"href":"https:\/\/sectorprensa.com.ar\/index.php?rest_route=\/wp\/v2\/types\/post"}],"author":[{"embeddable":true,"href":"https:\/\/sectorprensa.com.ar\/index.php?rest_route=\/wp\/v2\/users\/1"}],"replies":[{"embeddable":true,"href":"https:\/\/sectorprensa.com.ar\/index.php?rest_route=%2Fwp%2Fv2%2Fcomments&post=41485"}],"version-history":[{"count":1,"href":"https:\/\/sectorprensa.com.ar\/index.php?rest_route=\/wp\/v2\/posts\/41485\/revisions"}],"predecessor-version":[{"id":41487,"href":"https:\/\/sectorprensa.com.ar\/index.php?rest_route=\/wp\/v2\/posts\/41485\/revisions\/41487"}],"wp:featuredmedia":[{"embeddable":true,"href":"https:\/\/sectorprensa.com.ar\/index.php?rest_route=\/wp\/v2\/media\/41486"}],"wp:attachment":[{"href":"https:\/\/sectorprensa.com.ar\/index.php?rest_route=%2Fwp%2Fv2%2Fmedia&parent=41485"}],"wp:term":[{"taxonomy":"category","embeddable":true,"href":"https:\/\/sectorprensa.com.ar\/index.php?rest_route=%2Fwp%2Fv2%2Fcategories&post=41485"},{"taxonomy":"post_tag","embeddable":true,"href":"https:\/\/sectorprensa.com.ar\/index.php?rest_route=%2Fwp%2Fv2%2Ftags&post=41485"}],"curies":[{"name":"wp","href":"https:\/\/api.w.org\/{rel}","templated":true}]}}