{"id":41759,"date":"2022-03-21T17:00:29","date_gmt":"2022-03-21T20:00:29","guid":{"rendered":"https:\/\/sectorprensa.com.ar\/?p=41759"},"modified":"2022-03-21T17:00:29","modified_gmt":"2022-03-21T20:00:29","slug":"dia-mundial-de-las-personas-con-sindrome-de-down","status":"publish","type":"post","link":"https:\/\/sectorprensa.com.ar\/?p=41759","title":{"rendered":"D\u00cdA MUNDIAL DE LAS PERSONAS CON S\u00cdNDROME DE DOWN"},"content":{"rendered":"<h6><strong>Walter Martello, Defensor del Pueblo Adjunto de la Provincia de Buenos Aires, se refiri\u00f3 a la inclusi\u00f3n y los derechos de las personas con S\u00edndrome de Down.<\/strong><\/h6>\n<p><!--more--><\/p>\n<p>En el marco del D\u00eda Mundial de las Personas con S\u00edndrome de Down, el Observatorio de Derechos de Ni\u00f1os, Ni\u00f1as y Adolescentes, se sum\u00f3 a la campa\u00f1a \u00abInclusi\u00f3n Significa\u00bb e inform\u00f3 que en Argentina hay avances en cuanto a los derechos y reconocimientos, pero que a\u00fan se debe seguir trabajando. En las \u00faltimas horas, se compartieron estad\u00edsticas donde se indica que en nuestro pa\u00eds el 66% de las personas con s\u00edndrome de down son ni\u00f1os y ni\u00f1as, el 48% son mayores de 12 a\u00f1os que no ingresaron al secundario y el 85% de las personas se encuentra fuera del mercado laboral. Para hablar m\u00e1s del tema, Walter Martello, Defensor del Pueblo Adjunto de la Provincia de Buenos Aires, fue entrevistado en un medio radial.<\/p>\n<p>\u00abSi bien avanzamos much\u00edsimo en las \u00faltimas d\u00e9cadas, respecto a todo lo que tenga que ver con los derechos de las personas con discapacidad, m\u00e1s all\u00e1 de alguna eventual quita de pensi\u00f3n en el gobierno anterior, que se pudo solucionar. Hoy nos encontramos ante un panorama donde se aprovecha para hacer hincapi\u00e9 en la inclusi\u00f3n de las personas con s\u00edndrome de down. En ese contexto, es importante resaltar que solamente el 66% de ellas tienen certificado de discapacidad, 1 de cada 3 no lo tienen, lo que les imposibilita de alguna manera acceder a todos los beneficios que la ley les otorga. Que el 85% de ellos, a pesar de estar en condiciones por haber concurrido a talleres laborales, no puede ingresar al mercado laboral. Y que, casi el 15% de las personas con s\u00edndrome de down, no tienen cobertura asistencial. En esta fecha, quer\u00edamos realizar una reflexi\u00f3n para que sepan lo que nos est\u00e1 faltando\u00bb, explic\u00f3 en Radio B\u00fanker 94.9, en el \u00abTanke de B\u00fanker\u00bb (lunes a viernes, de 10 a 13hs).<\/p>\n<p>La falta de un certificado de discapacidad: \u00abHay varios factores. En general, tiene que ver muchas veces con personas con s\u00edndrome de down que viven en los sectores m\u00e1s vulnerables, a los que menos les llega la informaci\u00f3n. En segundo lugar, es porque hay una cuesti\u00f3n cultural que, por suerte se ha ido desvaneciendo, y es la no aceptaci\u00f3n de tramitar el certificado, algunos padres creen que los estigmatizan. Y la tercera, es que el Estado no tiene las estad\u00edsticas suficientes para determinar el n\u00famero concreto de personas con esta patolog\u00eda. En el censo que se hace ahora, no se incluy\u00f3 una pregunta espec\u00edfica de si hay una persona en el hogar con s\u00edndrome de down. De hecho, la Asociaci\u00f3n de S\u00edndrome de Down de la Rep\u00fablica Argentina, lo viene reclamando y generando sus propios datos. Pero, ser\u00eda bueno conformar datos oficiales para que despu\u00e9s el Estado tenga las herramienta, a trav\u00e9s del desarrollo social de cada municipio, para verificar esa direcci\u00f3n y brindar el certificado. Para las personas con estas limitaciones, es una documentaci\u00f3n importante como el DNI\u00bb, remarc\u00f3.<\/p>\n<p>\u00abNo le hicimos llegar el reclamo del censo al INDEC porque es una entidad nacional. Nosotros somos la Defensor\u00eda del Pueblo de la Provincia de Buenos Aires, no tendr\u00edamos la competencia. Si acompa\u00f1amos la campa\u00f1a que hace la ASDRA, y les pedimos a las personas que ingresen a la p\u00e1gina si saben de alg\u00fan caso\u00bb, dijo al responder sobre si le acercaron el reclamo de incluir las preguntas al INDEC.<\/p>\n<p>El certificado requiere una renovaci\u00f3n en un per\u00edodo determinado, muchas veces se presentan dificultades, y sobre esto Martello record\u00f3 un proyecto de ley cuando ocup\u00f3 el lugar de Diputado Provincial: \u00abPresent\u00e9 un proyecto de ley para que aquellas patolog\u00edas que eran irreversibles, no haya una necesidad de renovarlo cada diez a\u00f1os. No tiene sentido obligarlos a volver a pasar por esa situaci\u00f3n, genera estr\u00e9s\u00bb.<\/p>\n<p>\u00abEs una de las razones por las que no hay certificados. Pero los certificados habilitan una serie de beneficios, la cobertura al cien por ciento de la medicaci\u00f3n, de todo lo que tenga que ver con participar en talleres, etc\u00bb, complet\u00f3.<\/p>\n<p>\u00abM\u00e1s all\u00e1 de los gobiernos, no se potencia la legislaci\u00f3n vigente. La Argentina tiene leyes con respecto a las personas con discapacidad, lo que falta es la aplicaci\u00f3n\u00bb, destac\u00f3 sobre las leyes.<\/p>\n<p>\u00abHay que tratar de visibilizar el problema. Falta eso, y la comprensi\u00f3n de lo que significa una persona con discapacidad en el seno familiar. No s\u00f3lo es la situaci\u00f3n de la persona que padece alguna discapacidad, sino de todos. Muchas veces est\u00e1n solos y deben lidiar con certificados, obras sociales\u00bb, agreg\u00f3.<\/p>\n<p>El cupo del mercado laboral: \u00abHay un prejuicio desde los empleadores. Se los sigue considerando diferentes, en el sentido de inferioridad. No es as\u00ed en todos los casos. Obviamente que tienen limitaciones, pero hay much\u00edsimos j\u00f3venes y adultos con s\u00edndrome de down que pueden realizar tareas concretas. No entienden lo que es la patolog\u00eda\u00bb, concluy\u00f3.<\/p>\n<blockquote class=\"wp-embedded-content\" data-secret=\"d2QnsfQykI\"><p><a href=\"https:\/\/sectorprensa.com.ar\/la-defensoria-del-pueblo-bonaerense-lanzo-una-guia-para-prevenir-la-adiccion-del-juego\/\">LA DEFENSOR\u00cdA DEL PUEBLO BONAERENSE LANZ\u00d3 UNA GU\u00cdA PARA PREVENIR LA ADICCI\u00d3N DEL JUEGO<\/a><\/p><\/blockquote>\n<p><iframe loading=\"lazy\" class=\"wp-embedded-content\" sandbox=\"allow-scripts\" security=\"restricted\" style=\"position: absolute; clip: rect(1px, 1px, 1px, 1px);\" title=\"&#8220;LA DEFENSOR\u00cdA DEL PUEBLO BONAERENSE LANZ\u00d3 UNA GU\u00cdA PARA PREVENIR LA ADICCI\u00d3N DEL JUEGO&#8221; &#8212; SECTOR PRENSA\" src=\"https:\/\/sectorprensa.com.ar\/la-defensoria-del-pueblo-bonaerense-lanzo-una-guia-para-prevenir-la-adiccion-del-juego\/embed\/#?secret=d2QnsfQykI\" data-secret=\"d2QnsfQykI\" width=\"600\" height=\"338\" frameborder=\"0\" marginwidth=\"0\" marginheight=\"0\" scrolling=\"no\"><\/iframe><\/p>\n","protected":false},"excerpt":{"rendered":"<p>Walter Martello, Defensor del Pueblo Adjunto de la Provincia de Buenos Aires, se refiri\u00f3 a la inclusi\u00f3n y los derechos<\/p>\n","protected":false},"author":1,"featured_media":41760,"comment_status":"closed","ping_status":"open","sticky":false,"template":"","format":"standard","meta":{"colormag_page_container_layout":"default_layout","colormag_page_sidebar_layout":"default_layout","footnotes":""},"categories":[17,10],"tags":[6239,2554],"class_list":["post-41759","post","type-post","status-publish","format-standard","has-post-thumbnail","hentry","category-destacadas","category-sociedad","tag-dia-mundial-del-sindrome-de-down","tag-walter-martello"],"_links":{"self":[{"href":"https:\/\/sectorprensa.com.ar\/index.php?rest_route=\/wp\/v2\/posts\/41759","targetHints":{"allow":["GET"]}}],"collection":[{"href":"https:\/\/sectorprensa.com.ar\/index.php?rest_route=\/wp\/v2\/posts"}],"about":[{"href":"https:\/\/sectorprensa.com.ar\/index.php?rest_route=\/wp\/v2\/types\/post"}],"author":[{"embeddable":true,"href":"https:\/\/sectorprensa.com.ar\/index.php?rest_route=\/wp\/v2\/users\/1"}],"replies":[{"embeddable":true,"href":"https:\/\/sectorprensa.com.ar\/index.php?rest_route=%2Fwp%2Fv2%2Fcomments&post=41759"}],"version-history":[{"count":1,"href":"https:\/\/sectorprensa.com.ar\/index.php?rest_route=\/wp\/v2\/posts\/41759\/revisions"}],"predecessor-version":[{"id":41761,"href":"https:\/\/sectorprensa.com.ar\/index.php?rest_route=\/wp\/v2\/posts\/41759\/revisions\/41761"}],"wp:featuredmedia":[{"embeddable":true,"href":"https:\/\/sectorprensa.com.ar\/index.php?rest_route=\/wp\/v2\/media\/41760"}],"wp:attachment":[{"href":"https:\/\/sectorprensa.com.ar\/index.php?rest_route=%2Fwp%2Fv2%2Fmedia&parent=41759"}],"wp:term":[{"taxonomy":"category","embeddable":true,"href":"https:\/\/sectorprensa.com.ar\/index.php?rest_route=%2Fwp%2Fv2%2Fcategories&post=41759"},{"taxonomy":"post_tag","embeddable":true,"href":"https:\/\/sectorprensa.com.ar\/index.php?rest_route=%2Fwp%2Fv2%2Ftags&post=41759"}],"curies":[{"name":"wp","href":"https:\/\/api.w.org\/{rel}","templated":true}]}}