{"id":42030,"date":"2022-03-29T11:52:55","date_gmt":"2022-03-29T14:52:55","guid":{"rendered":"https:\/\/sectorprensa.com.ar\/?p=42030"},"modified":"2022-03-29T11:54:02","modified_gmt":"2022-03-29T14:54:02","slug":"se-levanto-el-paro-de-trenes-los-servicios-ya-funcionan-con-normalidad","status":"publish","type":"post","link":"https:\/\/sectorprensa.com.ar\/?p=42030","title":{"rendered":"SE LEVANT\u00d3 EL PARO DE TRENES, LOS SERVICIOS YA FUNCIONAN CON NORMALIDAD"},"content":{"rendered":"<h6><strong>Los trenes volvieron a funcionar luego de la negociaci\u00f3n entre el gremio La Fraternidad y el Ministerio de Transporte.<\/strong><\/h6>\n<p><!--more--><\/p>\n<p>Finalmente hubo acuerdo y tras una ardua negociaci\u00f3n, los trenes volver\u00e1n a funcionar con normalidad. A partir de las 10 el servicio entrar\u00e1 en funcionamiento y se espera que con el correr de las horas del martes, recupere el normal funcionamiento.<\/p>\n<p>La decisi\u00f3n se tom\u00f3 luego de las charlas entre el gremio ferroviario de La Fraternidad, bajo la conducci\u00f3n de Omar Maturano; y el ministro de Transporte, Alexis Guerrera. El reclamo que hab\u00eda generado la medida, anunciada por 24 horas, es por el funcionamiento del trayecto Constituci\u00f3n-Bah\u00eda Blanca.<\/p>\n<p>A la salida de la reuni\u00f3n, el secretario de La Fraternidad Omar Maturano, habl\u00f3 con los medios: \u00abEra l\u00edmite la situaci\u00f3n para parar, porque hace 20 d\u00edas no ten\u00edamos un servicio por una orden judicial\u00bb, expres\u00f3 en C5N esta ma\u00f1ana.<\/p>\n<blockquote class=\"twitter-tweet\" data-width=\"550\" data-dnt=\"true\">\n<p lang=\"es\" dir=\"ltr\">? <a href=\"https:\/\/twitter.com\/AlexisGuerrera?ref_src=twsrc%5Etfw\">@AlexisGuerrera<\/a>, tras levantar el paro de trenes: &quot;es un paro at\u00edpico, porque no es un paro que se le realizaba al Ministerio de Transporte o en reclamo a alguna cuesti\u00f3n salarial. La Fraternidad hac\u00eda un reclamo m\u00e1s profundo&quot;<a href=\"https:\/\/twitter.com\/hashtag\/TurnoMa%C3%B1ana?src=hash&amp;ref_src=twsrc%5Etfw\">#TurnoMa\u00f1ana<\/a> con <a href=\"https:\/\/twitter.com\/LRubinska?ref_src=twsrc%5Etfw\">@LRubinska<\/a> ? <a href=\"https:\/\/t.co\/Mj0ZDieLs8\">pic.twitter.com\/Mj0ZDieLs8<\/a><\/p>\n<p>&mdash; C5N (@C5N) <a href=\"https:\/\/twitter.com\/C5N\/status\/1508806911231156244?ref_src=twsrc%5Etfw\">March 29, 2022<\/a><\/p><\/blockquote>\n<p><script async src=\"https:\/\/platform.twitter.com\/widgets.js\" charset=\"utf-8\"><\/script><\/p>\n<p>Seg\u00fan confirmaron fuentes del Ministerio de Transporte, la medida de fuerza se levant\u00f3 desde las 10 aunque el servicio reci\u00e9n comenzar\u00e1 a normalizarse a partir del mediod\u00eda.<\/p>\n<p>El martes se presentaba complicado para viajar en la Ciudad de Buenos Aires y el Conurbano bonaerense por el paro de trenes total que afect\u00f3 todos los servicios de pasajeros y de cargas del pa\u00eds. La medida de fuerza comenz\u00f3 a la medianoche y se extendi\u00f3 a todo el pa\u00eds.<\/p>\n<p>Desde temprano se vieron interminables filas en las paradas de buses y colectivos, ante la alternativa de aquellos que no pod\u00edan viajar en tren por la falta del servicio.<\/p>\n<p>Se trat\u00f3 de una medida de fuerza del gremio La Fraternidad, que agrupa a los maquinistas de trenes.<\/p>\n<p>\u00abEn defensa de la industria ferroviaria y de los puestos de trabajo\u00bb, afirmaba la convocatoria.<\/p>\n<p>El paro de los conductores de trenes estaba previsto para el d\u00eda de hoy, afectando a los servicios de todo el pa\u00eds durante 24 horas.<\/p>\n<p>La medida alcanz\u00f3 a las principales l\u00edneas de la zona metropolitana: L\u00ednea Belgrano Norte, Belgrano Sur, Mitre, Roca, Sarmiento, San Mart\u00edn y Urquiza.<\/p>\n<p>En el comunicado oficial, La Fraternidad expres\u00f3 \u00abmalestar con las conductas de los gobernadores que se adue\u00f1an de territorios ferroviarios que son propiedad de la Naci\u00f3n, as\u00ed como las conductas de funcionarios y ministros con terrenos ferroviarios para distintos fines y no para viviendas de trabajadores del gremio\u00bb.<\/p>\n<p>El gremio conducido por Omar Maturano se refiri\u00f3 al descarrilamiento ocurrido el pasado 8 de marzo de en Olavarr\u00eda, que deriv\u00f3 en la decisi\u00f3n judicial de suspender la circulaci\u00f3n del tren de pasajeros operado por Trenes Argentinos que recorre el ramal Constituci\u00f3n-Bah\u00eda Blanca.<\/p>\n<p>\u00abLa clausura de servicios ferroviarios, sin pericias t\u00e9cnicas previas, afecta econ\u00f3micamente a los sectores populares que utilizan el ferrocarril por sus tarifas sociales econ\u00f3micas\u00bb, resalt\u00f3 el sindicato de conductores de trenes.<\/p>\n<blockquote class=\"wp-embedded-content\" data-secret=\"ffvwBiIo0W\"><p><a href=\"https:\/\/sectorprensa.com.ar\/este-martes-habra-paro-de-trenes-en-todo-el-pais\/\">ESTE MARTES HABR\u00c1 PARO DE TRENES EN TODO EL PA\u00cdS<\/a><\/p><\/blockquote>\n<p><iframe loading=\"lazy\" class=\"wp-embedded-content\" sandbox=\"allow-scripts\" security=\"restricted\" style=\"position: absolute; clip: rect(1px, 1px, 1px, 1px);\" title=\"&#8220;ESTE MARTES HABR\u00c1 PARO DE TRENES EN TODO EL PA\u00cdS&#8221; &#8212; SECTOR PRENSA\" src=\"https:\/\/sectorprensa.com.ar\/este-martes-habra-paro-de-trenes-en-todo-el-pais\/embed\/#?secret=ffvwBiIo0W\" data-secret=\"ffvwBiIo0W\" width=\"600\" height=\"338\" frameborder=\"0\" marginwidth=\"0\" marginheight=\"0\" scrolling=\"no\"><\/iframe><\/p>\n","protected":false},"excerpt":{"rendered":"<p>Los trenes volvieron a funcionar luego de la negociaci\u00f3n entre el gremio La Fraternidad y el Ministerio de Transporte.<\/p>\n","protected":false},"author":1,"featured_media":18675,"comment_status":"closed","ping_status":"open","sticky":false,"template":"","format":"video","meta":{"colormag_page_container_layout":"default_layout","colormag_page_sidebar_layout":"default_layout","footnotes":""},"categories":[1,10],"tags":[5538,5509,6275,3777],"class_list":["post-42030","post","type-post","status-publish","format-video","has-post-thumbnail","hentry","category-destacado","category-sociedad","tag-alexis-guerrera","tag-la-fraternidad","tag-omar-maturano","tag-paro-de-trenes","post_format-post-format-video"],"_links":{"self":[{"href":"https:\/\/sectorprensa.com.ar\/index.php?rest_route=\/wp\/v2\/posts\/42030","targetHints":{"allow":["GET"]}}],"collection":[{"href":"https:\/\/sectorprensa.com.ar\/index.php?rest_route=\/wp\/v2\/posts"}],"about":[{"href":"https:\/\/sectorprensa.com.ar\/index.php?rest_route=\/wp\/v2\/types\/post"}],"author":[{"embeddable":true,"href":"https:\/\/sectorprensa.com.ar\/index.php?rest_route=\/wp\/v2\/users\/1"}],"replies":[{"embeddable":true,"href":"https:\/\/sectorprensa.com.ar\/index.php?rest_route=%2Fwp%2Fv2%2Fcomments&post=42030"}],"version-history":[{"count":2,"href":"https:\/\/sectorprensa.com.ar\/index.php?rest_route=\/wp\/v2\/posts\/42030\/revisions"}],"predecessor-version":[{"id":42032,"href":"https:\/\/sectorprensa.com.ar\/index.php?rest_route=\/wp\/v2\/posts\/42030\/revisions\/42032"}],"wp:featuredmedia":[{"embeddable":true,"href":"https:\/\/sectorprensa.com.ar\/index.php?rest_route=\/"}],"wp:attachment":[{"href":"https:\/\/sectorprensa.com.ar\/index.php?rest_route=%2Fwp%2Fv2%2Fmedia&parent=42030"}],"wp:term":[{"taxonomy":"category","embeddable":true,"href":"https:\/\/sectorprensa.com.ar\/index.php?rest_route=%2Fwp%2Fv2%2Fcategories&post=42030"},{"taxonomy":"post_tag","embeddable":true,"href":"https:\/\/sectorprensa.com.ar\/index.php?rest_route=%2Fwp%2Fv2%2Ftags&post=42030"}],"curies":[{"name":"wp","href":"https:\/\/api.w.org\/{rel}","templated":true}]}}