{"id":42053,"date":"2022-03-29T14:54:12","date_gmt":"2022-03-29T17:54:12","guid":{"rendered":"https:\/\/sectorprensa.com.ar\/?p=42053"},"modified":"2022-03-29T14:54:12","modified_gmt":"2022-03-29T17:54:12","slug":"tremenda-entradera-en-castelar-los-delincuentes-se-llevaron-dinero-y-objetos-de-valor","status":"publish","type":"post","link":"https:\/\/sectorprensa.com.ar\/?p=42053","title":{"rendered":"TREMENDA ENTRADERA EN CASTELAR: LOS DELINCUENTES SE LLEVARON DINERO Y OBJETOS DE VALOR"},"content":{"rendered":"<h6><strong>Ocurri\u00f3 en una vivienda ubicada en la calle Islas Malvinas, casi esquina Trenque Lauquen. A la v\u00edctima la ataron para que no pueda defenderse.<\/strong><\/h6>\n<p><!--more--><\/p>\n<p>Minutos de terror vivi\u00f3 un hombre en su vivienda ubicada en la calle Islas Malvinas casi esquina Trenque Lauquen, en Castelar, partido de Mor\u00f3n, cuando delincuentes ingresaron con fines de robo.<\/p>\n<p>El due\u00f1o de la casa estaba durmiendo y fue despertado por malvivientes que lo ataron de pies y manos a una silla. Los delincuentes se robaron 600 d\u00f3lares, mil pesos, un celular, una notebook, un televisor plasma de 20 pulgadas, tarjetas de cr\u00e9dito y d\u00e9bito y el registro de conducir.<\/p>\n<p>As\u00ed, los ladrones escaparon en un veh\u00edculo y son intensamente buscados por la polic\u00eda.<\/p>\n<p>La v\u00edctima, horas mas tarde, confirm\u00f3 que los delincuentes ingresaron a la vivienda por la puerta de acceso principal, que es de madera.<\/p>\n<blockquote class=\"wp-embedded-content\" data-secret=\"o3OZI7XPiv\"><p><a href=\"https:\/\/sectorprensa.com.ar\/video-san-miguel-detuvieron-a-dos-delincuentes-gracias-a-las-camaras\/\">[VIDEO] SAN MIGUEL: DETUVIERON A DOS DELINCUENTES GRACIAS A LAS C\u00c1MARAS<\/a><\/p><\/blockquote>\n<p><iframe loading=\"lazy\" class=\"wp-embedded-content\" sandbox=\"allow-scripts\" security=\"restricted\" style=\"position: absolute; clip: rect(1px, 1px, 1px, 1px);\" title=\"&#8220;[VIDEO] SAN MIGUEL: DETUVIERON A DOS DELINCUENTES GRACIAS A LAS C\u00c1MARAS&#8221; &#8212; SECTOR PRENSA\" src=\"https:\/\/sectorprensa.com.ar\/video-san-miguel-detuvieron-a-dos-delincuentes-gracias-a-las-camaras\/embed\/#?secret=o3OZI7XPiv\" data-secret=\"o3OZI7XPiv\" width=\"600\" height=\"338\" frameborder=\"0\" marginwidth=\"0\" marginheight=\"0\" scrolling=\"no\"><\/iframe><\/p>\n","protected":false},"excerpt":{"rendered":"<p>Ocurri\u00f3 en una vivienda ubicada en la calle Islas Malvinas, casi esquina Trenque Lauquen. A la v\u00edctima la ataron para<\/p>\n","protected":false},"author":1,"featured_media":42055,"comment_status":"closed","ping_status":"open","sticky":false,"template":"","format":"standard","meta":{"colormag_page_container_layout":"default_layout","colormag_page_sidebar_layout":"default_layout","footnotes":""},"categories":[17,5,12],"tags":[290,165,1540,74],"class_list":["post-42053","post","type-post","status-publish","format-standard","has-post-thumbnail","hentry","category-destacadas","category-moron","category-policiales","tag-castelar","tag-delincuentes","tag-entradera","tag-robo"],"_links":{"self":[{"href":"https:\/\/sectorprensa.com.ar\/index.php?rest_route=\/wp\/v2\/posts\/42053","targetHints":{"allow":["GET"]}}],"collection":[{"href":"https:\/\/sectorprensa.com.ar\/index.php?rest_route=\/wp\/v2\/posts"}],"about":[{"href":"https:\/\/sectorprensa.com.ar\/index.php?rest_route=\/wp\/v2\/types\/post"}],"author":[{"embeddable":true,"href":"https:\/\/sectorprensa.com.ar\/index.php?rest_route=\/wp\/v2\/users\/1"}],"replies":[{"embeddable":true,"href":"https:\/\/sectorprensa.com.ar\/index.php?rest_route=%2Fwp%2Fv2%2Fcomments&post=42053"}],"version-history":[{"count":1,"href":"https:\/\/sectorprensa.com.ar\/index.php?rest_route=\/wp\/v2\/posts\/42053\/revisions"}],"predecessor-version":[{"id":42056,"href":"https:\/\/sectorprensa.com.ar\/index.php?rest_route=\/wp\/v2\/posts\/42053\/revisions\/42056"}],"wp:featuredmedia":[{"embeddable":true,"href":"https:\/\/sectorprensa.com.ar\/index.php?rest_route=\/wp\/v2\/media\/42055"}],"wp:attachment":[{"href":"https:\/\/sectorprensa.com.ar\/index.php?rest_route=%2Fwp%2Fv2%2Fmedia&parent=42053"}],"wp:term":[{"taxonomy":"category","embeddable":true,"href":"https:\/\/sectorprensa.com.ar\/index.php?rest_route=%2Fwp%2Fv2%2Fcategories&post=42053"},{"taxonomy":"post_tag","embeddable":true,"href":"https:\/\/sectorprensa.com.ar\/index.php?rest_route=%2Fwp%2Fv2%2Ftags&post=42053"}],"curies":[{"name":"wp","href":"https:\/\/api.w.org\/{rel}","templated":true}]}}