{"id":42125,"date":"2022-04-01T09:00:25","date_gmt":"2022-04-01T12:00:25","guid":{"rendered":"https:\/\/sectorprensa.com.ar\/?p=42125"},"modified":"2022-03-31T13:37:10","modified_gmt":"2022-03-31T16:37:10","slug":"moreno-se-implementara-el-proyecto-conecteando","status":"publish","type":"post","link":"https:\/\/sectorprensa.com.ar\/?p=42125","title":{"rendered":"MORENO: SE IMPLEMENTAR\u00c1 EL PROYECTO \u201cCONECTEANDO\u201d"},"content":{"rendered":"<h6><strong>El programa tiene como objetivo recuperar insumos inform\u00e1ticos dados de baja y ponerlos a disposici\u00f3n de las personas con TEA con el contenido pedag\u00f3gico correspondiente.<\/strong><\/h6>\n<p><!--more--><\/p>\n<p>La intendenta de Moreno, Mariel Fern\u00e1ndez, junto a la secretaria de Ambiente y Desarrollo Sostenible, Anal\u00eda Caba\u00f1a, firmaron un convenio con Vera Vera, presidenta de TGD Padres TEA de la Provincia y Hern\u00e1n Ortiz, de la Asociaci\u00f3n Civil Red Reciclar para implementar el proyecto ConecTEAndo en el municipio.<\/p>\n<p>El programa tiene como objetivo recuperar insumos inform\u00e1ticos dados de baja y ponerlos a disposici\u00f3n de las personas con TEA con el contenido pedag\u00f3gico correspondiente.<\/p>\n<p>Esto permite aportar una herramienta comunicacional y de aprendizaje a este sector de la comunidad y contribuir en el reciclado y reutilizaci\u00f3n de recursos inform\u00e1ticos obsoletos.<\/p>\n<p>El Municipio acompa\u00f1a y desarrolla todas las iniciativas que garanticen derechos y mejoren la calidad de vida de las personas con TEA y sus familias.<\/p>\n<blockquote class=\"wp-embedded-content\" data-secret=\"lpaLLXATUj\"><p><a href=\"https:\/\/sectorprensa.com.ar\/mariel-fernandez-inauguro-la-nueva-agencia-territorial-moreno\/\">MARIEL FERN\u00c1NDEZ INAUGUR\u00d3 LA NUEVA AGENCIA TERRITORIAL MORENO<\/a><\/p><\/blockquote>\n<p><iframe loading=\"lazy\" class=\"wp-embedded-content\" sandbox=\"allow-scripts\" security=\"restricted\" style=\"position: absolute; clip: rect(1px, 1px, 1px, 1px);\" title=\"&#8220;MARIEL FERN\u00c1NDEZ INAUGUR\u00d3 LA NUEVA AGENCIA TERRITORIAL MORENO&#8221; &#8212; SECTOR PRENSA\" src=\"https:\/\/sectorprensa.com.ar\/mariel-fernandez-inauguro-la-nueva-agencia-territorial-moreno\/embed\/#?secret=lpaLLXATUj\" data-secret=\"lpaLLXATUj\" width=\"600\" height=\"338\" frameborder=\"0\" marginwidth=\"0\" marginheight=\"0\" scrolling=\"no\"><\/iframe><\/p>\n","protected":false},"excerpt":{"rendered":"<p>El programa tiene como objetivo recuperar insumos inform\u00e1ticos dados de baja y ponerlos a disposici\u00f3n de las personas con TEA<\/p>\n","protected":false},"author":1,"featured_media":42126,"comment_status":"closed","ping_status":"open","sticky":false,"template":"","format":"standard","meta":{"colormag_page_container_layout":"default_layout","colormag_page_sidebar_layout":"default_layout","footnotes":""},"categories":[17,2154,1173,10],"tags":[6289,437,2522],"class_list":["post-42125","post","type-post","status-publish","format-standard","has-post-thumbnail","hentry","category-destacadas","category-moreno","category-municipales","category-sociedad","tag-conecteando","tag-moreno","tag-tea"],"_links":{"self":[{"href":"https:\/\/sectorprensa.com.ar\/index.php?rest_route=\/wp\/v2\/posts\/42125","targetHints":{"allow":["GET"]}}],"collection":[{"href":"https:\/\/sectorprensa.com.ar\/index.php?rest_route=\/wp\/v2\/posts"}],"about":[{"href":"https:\/\/sectorprensa.com.ar\/index.php?rest_route=\/wp\/v2\/types\/post"}],"author":[{"embeddable":true,"href":"https:\/\/sectorprensa.com.ar\/index.php?rest_route=\/wp\/v2\/users\/1"}],"replies":[{"embeddable":true,"href":"https:\/\/sectorprensa.com.ar\/index.php?rest_route=%2Fwp%2Fv2%2Fcomments&post=42125"}],"version-history":[{"count":1,"href":"https:\/\/sectorprensa.com.ar\/index.php?rest_route=\/wp\/v2\/posts\/42125\/revisions"}],"predecessor-version":[{"id":42127,"href":"https:\/\/sectorprensa.com.ar\/index.php?rest_route=\/wp\/v2\/posts\/42125\/revisions\/42127"}],"wp:featuredmedia":[{"embeddable":true,"href":"https:\/\/sectorprensa.com.ar\/index.php?rest_route=\/wp\/v2\/media\/42126"}],"wp:attachment":[{"href":"https:\/\/sectorprensa.com.ar\/index.php?rest_route=%2Fwp%2Fv2%2Fmedia&parent=42125"}],"wp:term":[{"taxonomy":"category","embeddable":true,"href":"https:\/\/sectorprensa.com.ar\/index.php?rest_route=%2Fwp%2Fv2%2Fcategories&post=42125"},{"taxonomy":"post_tag","embeddable":true,"href":"https:\/\/sectorprensa.com.ar\/index.php?rest_route=%2Fwp%2Fv2%2Ftags&post=42125"}],"curies":[{"name":"wp","href":"https:\/\/api.w.org\/{rel}","templated":true}]}}