{"id":42263,"date":"2022-04-04T21:24:22","date_gmt":"2022-04-05T00:24:22","guid":{"rendered":"https:\/\/sectorprensa.com.ar\/?p=42263"},"modified":"2022-04-04T21:24:22","modified_gmt":"2022-04-05T00:24:22","slug":"hugo-moyano-apoyo-al-presidente-alberto-fernandez","status":"publish","type":"post","link":"https:\/\/sectorprensa.com.ar\/?p=42263","title":{"rendered":"HUGO MOYANO APOY\u00d3 AL PRESIDENTE ALBERTO FERN\u00c1NDEZ"},"content":{"rendered":"<h6>El Presidente de Independiente y dirigente sindical de Camioneros, banc\u00f3 las medidas de Alberto Fern\u00e1ndez y dijo que \u00ablas cr\u00edticas son desmedidas\u00bb.<\/h6>\n<p><!--more--><\/p>\n<p>Hugo Moyano reapareci\u00f3 y mostr\u00f3 su apoyo a Alberto Fern\u00e1ndez. El dirigente sindical de Camioneros, defendi\u00f3 las medidas tomadas por el Presidente de la Naci\u00f3n en medio del contexto en el que se vive.<\/p>\n<p>\u201cLas cr\u00edticas son totalmente desmedidas. El Gobierno puso en marcha un plan econ\u00f3mico que es complicado, porque la situaci\u00f3n que se vive en el mundo, y en particular en Argentina, es dif\u00edcil\u201d, acus\u00f3 el mandam\u00e1s de Independiente.<\/p>\n<p>Moyano destac\u00f3 la tarea realizada por el gobierno nacional, ya que considera \u00abcomplicado\u00bb llevar adelante lo previsto luego de \u201csufrir las consecuencias que sufri\u00f3, con la pandemia \u2018macrista\u2019 y la del covid, y de la guerra de Rusia\u201d.<\/p>\n<p>\u201cCuando uno ve que hay algunos se\u00f1ores, fil\u00f3sofos de la econom\u00eda, que hacen cr\u00edticas al Gobierno, pareciera que en el mundo no pasa nada. Y pasan cosas muy complicadas\u201d, insisti\u00f3.<\/p>\n<p>Con respecto a la oposici\u00f3n, opin\u00f3 que ven con malos ojos todo lo que hace el oficialismo, y que se ignora el contexto mundial.<\/p>\n<p>\u201cCuando se habla del impuesto a la riqueza, de los que tienen dinero fuera del pa\u00eds, yo recuerdo que cuando me toc\u00f3 estar al frente de la CGT, luch\u00e1bamos para que no se implemente o se lleve adelante el mal llamado impuesto a las ganancias, que es un impuesto al trabajo. Y estos se\u00f1ores no aparec\u00eda ninguno\u201d, se\u00f1al\u00f3.<\/p>\n<p>Para concluir, defendi\u00f3 nuevamente la gesti\u00f3n de Fern\u00e1ndez y consign\u00f3 que la oposici\u00f3n se \u00abqueja\u00bb por pagar un impuesto: \u201cNo escuch\u00e9 a ninguno de estos que les pagamos el sueldo, a los diputados y senadores del &#8216;macrismo&#8217;, quejarse por el impuesto que pagaban los hombres de trabajo (por ganancias). Y ahora se quejan porque tienen que pagar un impuesto a las riquezas por el dinero que tiene fuera del pa\u00eds\u201d.<\/p>\n<blockquote class=\"wp-embedded-content\" data-secret=\"xT3rfyVu96\"><p><a href=\"https:\/\/sectorprensa.com.ar\/la-desigualdad-es-una-de-las-causas-del-delito\/\">&#8220;LA DESIGUALDAD ES UNA DE LAS CAUSAS DEL DELITO&#8221;<\/a><\/p><\/blockquote>\n<p><iframe loading=\"lazy\" class=\"wp-embedded-content\" sandbox=\"allow-scripts\" security=\"restricted\" style=\"position: absolute; clip: rect(1px, 1px, 1px, 1px);\" title=\"&#8220;&#8220;LA DESIGUALDAD ES UNA DE LAS CAUSAS DEL DELITO&#8221;&#8221; &#8212; SECTOR PRENSA\" src=\"https:\/\/sectorprensa.com.ar\/la-desigualdad-es-una-de-las-causas-del-delito\/embed\/#?secret=xT3rfyVu96\" data-secret=\"xT3rfyVu96\" width=\"600\" height=\"338\" frameborder=\"0\" marginwidth=\"0\" marginheight=\"0\" scrolling=\"no\"><\/iframe><\/p>\n","protected":false},"excerpt":{"rendered":"<p>El Presidente de Independiente y dirigente sindical de Camioneros, banc\u00f3 las medidas de Alberto Fern\u00e1ndez y dijo que \u00ablas cr\u00edticas<\/p>\n","protected":false},"author":1,"featured_media":42264,"comment_status":"closed","ping_status":"open","sticky":false,"template":"","format":"standard","meta":{"colormag_page_container_layout":"default_layout","colormag_page_sidebar_layout":"default_layout","footnotes":""},"categories":[17,8],"tags":[3030,913],"class_list":["post-42263","post","type-post","status-publish","format-standard","has-post-thumbnail","hentry","category-destacadas","category-politica","tag-alberto-fernandez","tag-hugo-moyano"],"_links":{"self":[{"href":"https:\/\/sectorprensa.com.ar\/index.php?rest_route=\/wp\/v2\/posts\/42263","targetHints":{"allow":["GET"]}}],"collection":[{"href":"https:\/\/sectorprensa.com.ar\/index.php?rest_route=\/wp\/v2\/posts"}],"about":[{"href":"https:\/\/sectorprensa.com.ar\/index.php?rest_route=\/wp\/v2\/types\/post"}],"author":[{"embeddable":true,"href":"https:\/\/sectorprensa.com.ar\/index.php?rest_route=\/wp\/v2\/users\/1"}],"replies":[{"embeddable":true,"href":"https:\/\/sectorprensa.com.ar\/index.php?rest_route=%2Fwp%2Fv2%2Fcomments&post=42263"}],"version-history":[{"count":1,"href":"https:\/\/sectorprensa.com.ar\/index.php?rest_route=\/wp\/v2\/posts\/42263\/revisions"}],"predecessor-version":[{"id":42270,"href":"https:\/\/sectorprensa.com.ar\/index.php?rest_route=\/wp\/v2\/posts\/42263\/revisions\/42270"}],"wp:featuredmedia":[{"embeddable":true,"href":"https:\/\/sectorprensa.com.ar\/index.php?rest_route=\/wp\/v2\/media\/42264"}],"wp:attachment":[{"href":"https:\/\/sectorprensa.com.ar\/index.php?rest_route=%2Fwp%2Fv2%2Fmedia&parent=42263"}],"wp:term":[{"taxonomy":"category","embeddable":true,"href":"https:\/\/sectorprensa.com.ar\/index.php?rest_route=%2Fwp%2Fv2%2Fcategories&post=42263"},{"taxonomy":"post_tag","embeddable":true,"href":"https:\/\/sectorprensa.com.ar\/index.php?rest_route=%2Fwp%2Fv2%2Ftags&post=42263"}],"curies":[{"name":"wp","href":"https:\/\/api.w.org\/{rel}","templated":true}]}}