{"id":42271,"date":"2022-04-05T00:58:27","date_gmt":"2022-04-05T03:58:27","guid":{"rendered":"https:\/\/sectorprensa.com.ar\/?p=42271"},"modified":"2022-04-05T01:17:23","modified_gmt":"2022-04-05T04:17:23","slug":"era-muy-triste-ser-desconocida-entre-tus-companeros-que-estuvieron-en-el-mismo-lugar","status":"publish","type":"post","link":"https:\/\/sectorprensa.com.ar\/?p=42271","title":{"rendered":"\u00abERA MUY TRISTE SER DESCONOCIDA ENTRE TUS COMPA\u00d1EROS QUE ESTUVIERON EN EL MISMO LUGAR\u00bb"},"content":{"rendered":"<h6><strong>La veterana de guerra en Malvinas, Alicia Mabel Reynoso, habl\u00f3 sobre la falta de reconocimiento que existi\u00f3 hacia ellas y sus compa\u00f1eras, y la lucha por conseguirlo.<\/strong><\/h6>\n<p><!--more--><\/p>\n<p>Alicia Mabel Reynoso, quien es vetera de guerra en Malvinas y enfermera en aquel conflicto b\u00e9lico, cont\u00f3 su lucha para ser reconocida ante la justicia y por los diferentes destratos que pas\u00f3. Adem\u00e1s, record\u00f3 episodios de aquel combate contra las fuerzas inglesas.<\/p>\n<p>\u00abLas enfermeras de la fuerza a\u00e9rea, que fuimos las primeras mujeres con grado militar en Argentina en 1980, yo soy primera promoci\u00f3n. En 1982 nos toc\u00f3 participar de una manera directa, activa, de la guerra de Malvinas. Atendimos, socorrimos y evacuamos heridos, que llegaban desde las Islas o cualquier parte del continente. El hospital reubicable, fue de referencia. Primero \u00e9ramos cinco, despu\u00e9s m\u00e1s, hasta llegar a 14 mujeres. Somos reconocidas por el Congreso de la Naci\u00f3n, bajo la Ley 23.118, desde los a\u00f1o \u00b490. Pero, posteriormente se nos escondi\u00f3, discrimin\u00f3, se nos trat\u00f3 de olvidar, y se intent\u00f3 olvidar cuando se hicieron esas famosas listas donde todos iban a recibir un resarcimiento econ\u00f3mico y social. A estas mujeres se las dej\u00f3 de lado, y a los hombres que estaban al lado nuestro, casi todos o la mayor\u00eda tiene reconocimiento. Era muy triste ser NN entre tus compa\u00f1eros, estuvimos en el mismo lugar, bajo los mismos miedos y refugios\u00bb, detall\u00f3 en Radio B\u00fanker 94.9, en el \u00abTanke de B\u00fanker\u00bb (lunes a viernes, de 10 a 13hs).<\/p>\n<p>Luego, explic\u00f3 por que se las intent\u00f3 dejar en el olvido: \u00abLas fuerzas armadas son muy verticalistas y patriarcales. Y la guerra parec\u00eda, y la cuentan hasta ahora, que era una cuesti\u00f3n de hombres. Y estamos hablando de hombres y mujeres que juraron defender la patria hasta perder la vida, cuando ingresamos a los diferentes instituto militares, y as\u00ed lo est\u00e1bamos haciendo. Parece que pensaron que la guerra era cuesti\u00f3n de hombres. Tuvimos que demostrarles, y cada testimonio est\u00e1 justificado, que en esos lugares tambi\u00e9n estaban las mujeres\u00bb.<\/p>\n<p>Reynoso, cont\u00f3 la historia de lucha por el reconocimiento: \u00abEn 2009, cansada del ninguneo y discriminaci\u00f3n, levant\u00e9 la bandera por la visibilidad. Por eso fui agredida, insultada, injuriada, echada de desfiles, difamada y dem\u00e1s, al igual que las compa\u00f1eras de C\u00f3rdoba, por decir que \u00e9ramos veteranas. Nos dec\u00edan que no pod\u00edamos decirlo, que no nos correspond\u00eda decirlo. Cuando vimos todo eso, nos emponderamos, nos aseguramos m\u00e1s en nuestra posici\u00f3n, e hicimos la escalera tan alta, que la justicia nos vio. El a\u00f1o pasado, el gobierno de Alberto Fern\u00e1ndez nos elige como institucional de presidencia. Ah\u00ed empez\u00f3 tambi\u00e9n una gran visibilidad. Al mes siguiente, la justicia me reconoce como veterana plena por segunda vez. Las mujeres tuvimos que justificar y testimoniar que estuvimos. Los hombres, dicen que estuvieron en lugares sin fundamentos y les creyeron de una\u00bb.<\/p>\n<p><iframe loading=\"lazy\" title=\"Alicia Mabel Reynoso, Enfermera Militar Que Particip\u00f3 En  Malvinas\" width=\"100%\" height=\"120\" src=\"https:\/\/www.mixcloud.com\/widget\/iframe\/?feed=https%3A%2F%2Fwww.mixcloud.com%2Fradiobunker949%2Falicia-mabel-reynoso-enfermera-militar-que-particip%25C3%25B3-en-malvinas%2F&amp;hide_cover=1\" frameborder=\"0\"><\/iframe><\/p>\n<p>\u00abLos momentos m\u00e1s duros que pasamos, fueron muchos. Pero lejos de victimizarnos, somos enfermeras, aparte soy instrumentadora. Ven\u00eda de Santa Fe, de un hospital muy pesado, con una muy buena formaci\u00f3n en emergentolog\u00eda. Lo que nos marc\u00f3 a m\u00ed y mis compa\u00f1eras, fue recibir j\u00f3venes compatriotas de 18 a\u00f1os, llegaban a Comodoro Rivadavia con hambre, mal vestidos, mal alimentados, y nos ped\u00edan por favor que quer\u00edan volver con sus familias. Yo tengo un nieto de 14 a\u00f1os, me muero sin cuatro a\u00f1os le toca la colimba y un mani\u00e1tico lo manda a la guerra. El estar ah\u00ed con un poquito de a\u00f1os m\u00e1s que ellos, yo ten\u00eda 24, tuvimos que sacar de la galera como contener a ellos, mis compa\u00f1eros y a nosotras\u00bb, describi\u00f3.<\/p>\n<p>El momento que le comunicaron que deb\u00eda ir a Malvinas: \u00abYo era la jefa de enfermer\u00eda del hospital aeron\u00e1utico central de Pompeya. Nunca pens\u00e9 que \u00edbamos a ir a la guerra. Cuando nos dicen que vayamos, hab\u00eda pasado lo del \u00b478, donde no pas\u00f3 nada. Entonces, yo dije que vayamos, no iba a pasar nada e iban a hablar. Fui con una tensa calma, porque no sab\u00edamos a donde \u00edbamos. A la prensa le llamaba la atenci\u00f3n estas cinco se\u00f1oritas vestidas de verde, con armas. Tuvimos que luchar con eso tambi\u00e9n, nos retaban por salir en las revistas. A partir de ah\u00ed, no pudimos hablar m\u00e1s. Despu\u00e9s de la guerra, menos, porque la orden era no hablar\u00bb, record\u00f3.<\/p>\n<p>\u00abLa historia se debe contar desde la verdad, y desde la primera persona. Porque es c\u00f3mo la debemos contar, por m\u00e1s que sea triste y cruel. Yo pude hablar despu\u00e9s de una larga terapia, porque nosotras al otro d\u00eda ten\u00edamos que ir a trabajar, a mi me mandaron nueve meses a C\u00f3rdoba para hacer un curso. Es como si no hubiera pasado nada\u00bb, agreg\u00f3.<\/p>\n<p>La veterana de Malvinas, dijo que tambi\u00e9n se les contaba otra realidad distinta a los que pasaba en el territorio del conflicto b\u00e9lico: \u00abA nosotras tambi\u00e9n nos dijeron que est\u00e1bamos ganando. Y cuando empezamos a recibir los soldados despu\u00e9s del 1 de mayo, despu\u00e9s del ataque, ah\u00ed nos dimos cuenta como ven\u00edan estos j\u00f3venes. Estaban destruidos no s\u00f3lo por la guerra, tambi\u00e9n por el maltrato. La tropa que combat\u00eda, ten\u00eda hambre. Ning\u00fan soldado puede combatir con fr\u00edo, hambre y con armas no sofisticadas, porque fuimos con la honda y la piedra. No hay que desprestigiar a los soldados, hicieron todo y mucho m\u00e1s, no se la llevaron de arriba. Muchos de esos j\u00f3venes patriotas, est\u00e1n olvidados, muriendo en la desidia. Eso es culpa de todos, los que gobernaron, gobiernan y gobernar\u00e1n, los comunicadores. Hay que hacer una pol\u00edtica de Estado donde no se deje de hablar. Yo no puedo decir como otro Presidente, que dijo \u00b4ese pedazo de tierra, no s\u00e9 para que est\u00e1\u00b4. En ese pedazo de tierra, hay 649 argentinos muertos\u00bb.<\/p>\n<p>\u00abEn el hospital no muri\u00f3 nadie, estaban como de paso porque los atend\u00edamos, los sub\u00edamos a otros aviones y los evacu\u00e1bamos. En ese hospital deb\u00edan estar las camas vac\u00edas, nunca sab\u00edamos cuando ven\u00eda el pr\u00f3ximo avi\u00f3n con heridos\u00bb, cont\u00f3.<\/p>\n<p>\u00abNunca me fui de la fuerza, me jubilaron el a\u00f1o pasado, despu\u00e9s de que gan\u00e9 el juicio. Despu\u00e9s de 42 a\u00f1os, me lleg\u00f3 un mensaje diciendo que me jubilaban. Creo que doli\u00f3 m\u00e1s este olvido, este desprestigio de la acci\u00f3n de la mujer, desde nuestros compa\u00f1eros que nos dec\u00edan que no digamos tal cosa. Nos echaron de un desfile en 2019. Para los 40 a\u00f1os, si nos convocaron\u00bb, se\u00f1al\u00f3.<\/p>\n<p>\u00abNo puedo cerrar el c\u00edrculo completo, porque a\u00fan faltan diez compa\u00f1eras por reconocer. Cuando la \u00faltima veterana de guerra est\u00e9 reconocida, puedo decir misi\u00f3n cumplida. Mis compa\u00f1eras y yo no podemos no estar unidas, lo estuvimos en el \u00b482, y ahora lo vamos a estar por este reconocimiento pleno\u00bb, concluy\u00f3.<\/p>\n<blockquote class=\"wp-embedded-content\" data-secret=\"Qt5ySnda1N\"><p><a href=\"https:\/\/sectorprensa.com.ar\/la-isla-interior-la-historia-de-tres-ex-combatientes-de-malvinas\/\">&#8220;LA ISLA INTERIOR&#8221;: EL TESTIMONIO DE TRES EX COMBATIENTES DE MALVINAS<\/a><\/p><\/blockquote>\n<p><iframe loading=\"lazy\" class=\"wp-embedded-content\" sandbox=\"allow-scripts\" security=\"restricted\" style=\"position: absolute; clip: rect(1px, 1px, 1px, 1px);\" title=\"&#8220;&#8220;LA ISLA INTERIOR&#8221;: EL TESTIMONIO DE TRES EX COMBATIENTES DE MALVINAS&#8221; &#8212; SECTOR PRENSA\" src=\"https:\/\/sectorprensa.com.ar\/la-isla-interior-la-historia-de-tres-ex-combatientes-de-malvinas\/embed\/#?secret=Qt5ySnda1N\" data-secret=\"Qt5ySnda1N\" width=\"600\" height=\"338\" frameborder=\"0\" marginwidth=\"0\" marginheight=\"0\" scrolling=\"no\"><\/iframe><\/p>\n","protected":false},"excerpt":{"rendered":"<p>La veterana de guerra en Malvinas, Alicia Mabel Reynoso, habl\u00f3 sobre la falta de reconocimiento que existi\u00f3 hacia ellas y<\/p>\n","protected":false},"author":1,"featured_media":42272,"comment_status":"closed","ping_status":"open","sticky":false,"template":"","format":"standard","meta":{"colormag_page_container_layout":"default_layout","colormag_page_sidebar_layout":"default_layout","footnotes":""},"categories":[17,13,10],"tags":[6297,2799],"class_list":["post-42271","post","type-post","status-publish","format-standard","has-post-thumbnail","hentry","category-destacadas","category-personajes","category-sociedad","tag-alicia-mabel-reynoso","tag-guerra-de-malvinas"],"_links":{"self":[{"href":"https:\/\/sectorprensa.com.ar\/index.php?rest_route=\/wp\/v2\/posts\/42271","targetHints":{"allow":["GET"]}}],"collection":[{"href":"https:\/\/sectorprensa.com.ar\/index.php?rest_route=\/wp\/v2\/posts"}],"about":[{"href":"https:\/\/sectorprensa.com.ar\/index.php?rest_route=\/wp\/v2\/types\/post"}],"author":[{"embeddable":true,"href":"https:\/\/sectorprensa.com.ar\/index.php?rest_route=\/wp\/v2\/users\/1"}],"replies":[{"embeddable":true,"href":"https:\/\/sectorprensa.com.ar\/index.php?rest_route=%2Fwp%2Fv2%2Fcomments&post=42271"}],"version-history":[{"count":2,"href":"https:\/\/sectorprensa.com.ar\/index.php?rest_route=\/wp\/v2\/posts\/42271\/revisions"}],"predecessor-version":[{"id":42274,"href":"https:\/\/sectorprensa.com.ar\/index.php?rest_route=\/wp\/v2\/posts\/42271\/revisions\/42274"}],"wp:featuredmedia":[{"embeddable":true,"href":"https:\/\/sectorprensa.com.ar\/index.php?rest_route=\/wp\/v2\/media\/42272"}],"wp:attachment":[{"href":"https:\/\/sectorprensa.com.ar\/index.php?rest_route=%2Fwp%2Fv2%2Fmedia&parent=42271"}],"wp:term":[{"taxonomy":"category","embeddable":true,"href":"https:\/\/sectorprensa.com.ar\/index.php?rest_route=%2Fwp%2Fv2%2Fcategories&post=42271"},{"taxonomy":"post_tag","embeddable":true,"href":"https:\/\/sectorprensa.com.ar\/index.php?rest_route=%2Fwp%2Fv2%2Ftags&post=42271"}],"curies":[{"name":"wp","href":"https:\/\/api.w.org\/{rel}","templated":true}]}}