{"id":42598,"date":"2022-04-14T08:00:37","date_gmt":"2022-04-14T11:00:37","guid":{"rendered":"https:\/\/sectorprensa.com.ar\/?p=42598"},"modified":"2022-04-13T14:16:03","modified_gmt":"2022-04-13T17:16:03","slug":"moreno-asesoramiento-para-el-censo-digital","status":"publish","type":"post","link":"https:\/\/sectorprensa.com.ar\/?p=42598","title":{"rendered":"MORENO: ASESORAMIENTO PARA EL CENSO DIGITAL"},"content":{"rendered":"<h6><strong>El Municipio puso a disposici\u00f3n puntos de atenci\u00f3n digital en todo el distrito. El censo digital se puede realizar hasta el 18 de mayo a las 8 horas.<\/strong><\/h6>\n<p><!--more--><\/p>\n<p>El Municipio de Moreno, a trav\u00e9s del Instituto de Desarrollo Urbano, Ambiental y Regional (IDUAR), puso en marcha Puntos Digitales de asesoramiento para completar el Censo Digital 2022.<\/p>\n<p>Por primera vez, se puede realizar el Censo de forma anticipada, de modo virtual, hasta el 18 de mayo a las 8 horas. Con esta nueva modalidad, se puede elegir en qu\u00e9 momento completarlo, se agiliza el trabajo del censista y se cuida la salud de todas y todos<\/p>\n<p>El recuento de la poblaci\u00f3n es de suma importancia ya que con la informaci\u00f3n que se obtendr\u00e1, representantes del sector p\u00fablico, privado y acad\u00e9mico, y la ciudadan\u00eda en general de todo el pa\u00eds podr\u00e1n tomar m\u00e1s y mejores decisiones, como la orientaci\u00f3n del presupuesto nacional de forma m\u00e1s eficiente.<\/p>\n<p><strong>\u00bfC\u00f3mo completarlo?<\/strong><\/p>\n<ol>\n<li>Ingresar al sitio web censo.gob.ar y seleccionar el bot\u00f3n \u201ccenso digital\u201d.<\/li>\n<li>Generar el c\u00f3digo \u00fanico de vivienda ingresando los datos del domicilio.<\/li>\n<li>Responder el cuestionario sobre la vivienda y las y los integrantes del hogar.<\/li>\n<li>Guardar el comprobante de finalizaci\u00f3n que arroja la p\u00e1gina al finalizar el cuestionario.<\/li>\n<li>Es muy importante que el 18 de mayo se queden en su casa para entregar o dictar el comprobante a la persona censista que pase y as\u00ed terminarlo.<\/li>\n<\/ol>\n<p>Para preguntas o consultas se puede comunicar de forma gratuita al 0800-345-2022 de lunes a viernes de 6 am a 12 pm y s\u00e1bados y domingos de 9am a 12 pm, o bien, acercarse a los Puntos Digitales de asesoramiento en Moreno que se adjuntan en las im\u00e1genes.<\/p>\n<p><img loading=\"lazy\" decoding=\"async\" class=\"alignnone size-large wp-image-42599\" src=\"https:\/\/sectorprensa.com.ar\/wp-content\/uploads\/2022\/04\/MORENO-NORTE-1024x1024.jpeg\" alt=\"\" width=\"800\" height=\"800\" srcset=\"https:\/\/sectorprensa.com.ar\/wp-content\/uploads\/2022\/04\/MORENO-NORTE-1024x1024.jpeg 1024w, https:\/\/sectorprensa.com.ar\/wp-content\/uploads\/2022\/04\/MORENO-NORTE-300x300.jpeg 300w, https:\/\/sectorprensa.com.ar\/wp-content\/uploads\/2022\/04\/MORENO-NORTE-150x150.jpeg 150w, https:\/\/sectorprensa.com.ar\/wp-content\/uploads\/2022\/04\/MORENO-NORTE-768x768.jpeg 768w, https:\/\/sectorprensa.com.ar\/wp-content\/uploads\/2022\/04\/MORENO-NORTE.jpeg 1280w\" sizes=\"auto, (max-width: 800px) 100vw, 800px\" \/><\/p>\n<p><img loading=\"lazy\" decoding=\"async\" class=\"alignnone size-large wp-image-42600\" src=\"https:\/\/sectorprensa.com.ar\/wp-content\/uploads\/2022\/04\/MORENO-CENTRO-1024x1024.jpeg\" alt=\"\" width=\"800\" height=\"800\" srcset=\"https:\/\/sectorprensa.com.ar\/wp-content\/uploads\/2022\/04\/MORENO-CENTRO-1024x1024.jpeg 1024w, https:\/\/sectorprensa.com.ar\/wp-content\/uploads\/2022\/04\/MORENO-CENTRO-300x300.jpeg 300w, https:\/\/sectorprensa.com.ar\/wp-content\/uploads\/2022\/04\/MORENO-CENTRO-150x150.jpeg 150w, https:\/\/sectorprensa.com.ar\/wp-content\/uploads\/2022\/04\/MORENO-CENTRO-768x768.jpeg 768w, https:\/\/sectorprensa.com.ar\/wp-content\/uploads\/2022\/04\/MORENO-CENTRO.jpeg 1280w\" sizes=\"auto, (max-width: 800px) 100vw, 800px\" \/><\/p>\n<p><img loading=\"lazy\" decoding=\"async\" class=\"alignnone size-large wp-image-42601\" src=\"https:\/\/sectorprensa.com.ar\/wp-content\/uploads\/2022\/04\/MORENO-SUR-1024x1024.jpeg\" alt=\"\" width=\"800\" height=\"800\" srcset=\"https:\/\/sectorprensa.com.ar\/wp-content\/uploads\/2022\/04\/MORENO-SUR-1024x1024.jpeg 1024w, https:\/\/sectorprensa.com.ar\/wp-content\/uploads\/2022\/04\/MORENO-SUR-300x300.jpeg 300w, https:\/\/sectorprensa.com.ar\/wp-content\/uploads\/2022\/04\/MORENO-SUR-150x150.jpeg 150w, https:\/\/sectorprensa.com.ar\/wp-content\/uploads\/2022\/04\/MORENO-SUR-768x768.jpeg 768w, https:\/\/sectorprensa.com.ar\/wp-content\/uploads\/2022\/04\/MORENO-SUR.jpeg 1280w\" sizes=\"auto, (max-width: 800px) 100vw, 800px\" \/><\/p>\n<p><img loading=\"lazy\" decoding=\"async\" class=\"alignnone size-large wp-image-42603\" src=\"https:\/\/sectorprensa.com.ar\/wp-content\/uploads\/2022\/04\/PASO-DEL-TEY-FRANCISCO-ALVAREZ-1-1024x1024.jpeg\" alt=\"\" width=\"800\" height=\"800\" srcset=\"https:\/\/sectorprensa.com.ar\/wp-content\/uploads\/2022\/04\/PASO-DEL-TEY-FRANCISCO-ALVAREZ-1-1024x1024.jpeg 1024w, https:\/\/sectorprensa.com.ar\/wp-content\/uploads\/2022\/04\/PASO-DEL-TEY-FRANCISCO-ALVAREZ-1-300x300.jpeg 300w, https:\/\/sectorprensa.com.ar\/wp-content\/uploads\/2022\/04\/PASO-DEL-TEY-FRANCISCO-ALVAREZ-1-150x150.jpeg 150w, https:\/\/sectorprensa.com.ar\/wp-content\/uploads\/2022\/04\/PASO-DEL-TEY-FRANCISCO-ALVAREZ-1-768x768.jpeg 768w, https:\/\/sectorprensa.com.ar\/wp-content\/uploads\/2022\/04\/PASO-DEL-TEY-FRANCISCO-ALVAREZ-1.jpeg 1280w\" sizes=\"auto, (max-width: 800px) 100vw, 800px\" \/><\/p>\n<p><img loading=\"lazy\" decoding=\"async\" class=\"alignnone size-large wp-image-42604\" src=\"https:\/\/sectorprensa.com.ar\/wp-content\/uploads\/2022\/04\/CUARTEL-V-LA-REJA-1024x1024.jpeg\" alt=\"\" width=\"800\" height=\"800\" srcset=\"https:\/\/sectorprensa.com.ar\/wp-content\/uploads\/2022\/04\/CUARTEL-V-LA-REJA-1024x1024.jpeg 1024w, https:\/\/sectorprensa.com.ar\/wp-content\/uploads\/2022\/04\/CUARTEL-V-LA-REJA-300x300.jpeg 300w, https:\/\/sectorprensa.com.ar\/wp-content\/uploads\/2022\/04\/CUARTEL-V-LA-REJA-150x150.jpeg 150w, https:\/\/sectorprensa.com.ar\/wp-content\/uploads\/2022\/04\/CUARTEL-V-LA-REJA-768x768.jpeg 768w, https:\/\/sectorprensa.com.ar\/wp-content\/uploads\/2022\/04\/CUARTEL-V-LA-REJA.jpeg 1280w\" sizes=\"auto, (max-width: 800px) 100vw, 800px\" \/><\/p>\n<p><img loading=\"lazy\" decoding=\"async\" class=\"alignnone size-large wp-image-42605\" src=\"https:\/\/sectorprensa.com.ar\/wp-content\/uploads\/2022\/04\/TRUJUI-1024x1024.jpeg\" alt=\"\" width=\"800\" height=\"800\" srcset=\"https:\/\/sectorprensa.com.ar\/wp-content\/uploads\/2022\/04\/TRUJUI-1024x1024.jpeg 1024w, https:\/\/sectorprensa.com.ar\/wp-content\/uploads\/2022\/04\/TRUJUI-300x300.jpeg 300w, https:\/\/sectorprensa.com.ar\/wp-content\/uploads\/2022\/04\/TRUJUI-150x150.jpeg 150w, https:\/\/sectorprensa.com.ar\/wp-content\/uploads\/2022\/04\/TRUJUI-768x768.jpeg 768w, https:\/\/sectorprensa.com.ar\/wp-content\/uploads\/2022\/04\/TRUJUI.jpeg 1280w\" sizes=\"auto, (max-width: 800px) 100vw, 800px\" \/><\/p>\n<blockquote class=\"wp-embedded-content\" data-secret=\"bYSX3upVnI\"><p><a href=\"https:\/\/sectorprensa.com.ar\/moreno-se-firmo-un-convenio-de-cooperacion-con-senasa\/\">MORENO: SE FIRM\u00d3 UN CONVENIO DE COOPERACI\u00d3N CON SENASA<\/a><\/p><\/blockquote>\n<p><iframe loading=\"lazy\" class=\"wp-embedded-content\" sandbox=\"allow-scripts\" security=\"restricted\" style=\"position: absolute; clip: rect(1px, 1px, 1px, 1px);\" title=\"&#8220;MORENO: SE FIRM\u00d3 UN CONVENIO DE COOPERACI\u00d3N CON SENASA&#8221; &#8212; SECTOR PRENSA\" src=\"https:\/\/sectorprensa.com.ar\/moreno-se-firmo-un-convenio-de-cooperacion-con-senasa\/embed\/#?secret=bYSX3upVnI\" data-secret=\"bYSX3upVnI\" width=\"600\" height=\"338\" frameborder=\"0\" marginwidth=\"0\" marginheight=\"0\" scrolling=\"no\"><\/iframe><\/p>\n","protected":false},"excerpt":{"rendered":"<p>El Municipio puso a disposici\u00f3n puntos de atenci\u00f3n digital en todo el distrito. El censo digital se puede realizar hasta<\/p>\n","protected":false},"author":1,"featured_media":42606,"comment_status":"closed","ping_status":"open","sticky":false,"template":"","format":"standard","meta":{"colormag_page_container_layout":"default_layout","colormag_page_sidebar_layout":"default_layout","footnotes":""},"categories":[17,2154,1173,10],"tags":[6236,437,6337],"class_list":["post-42598","post","type-post","status-publish","format-standard","has-post-thumbnail","hentry","category-destacadas","category-moreno","category-municipales","category-sociedad","tag-censo-digital","tag-moreno","tag-puntos-digitales"],"_links":{"self":[{"href":"https:\/\/sectorprensa.com.ar\/index.php?rest_route=\/wp\/v2\/posts\/42598","targetHints":{"allow":["GET"]}}],"collection":[{"href":"https:\/\/sectorprensa.com.ar\/index.php?rest_route=\/wp\/v2\/posts"}],"about":[{"href":"https:\/\/sectorprensa.com.ar\/index.php?rest_route=\/wp\/v2\/types\/post"}],"author":[{"embeddable":true,"href":"https:\/\/sectorprensa.com.ar\/index.php?rest_route=\/wp\/v2\/users\/1"}],"replies":[{"embeddable":true,"href":"https:\/\/sectorprensa.com.ar\/index.php?rest_route=%2Fwp%2Fv2%2Fcomments&post=42598"}],"version-history":[{"count":3,"href":"https:\/\/sectorprensa.com.ar\/index.php?rest_route=\/wp\/v2\/posts\/42598\/revisions"}],"predecessor-version":[{"id":42630,"href":"https:\/\/sectorprensa.com.ar\/index.php?rest_route=\/wp\/v2\/posts\/42598\/revisions\/42630"}],"wp:featuredmedia":[{"embeddable":true,"href":"https:\/\/sectorprensa.com.ar\/index.php?rest_route=\/wp\/v2\/media\/42606"}],"wp:attachment":[{"href":"https:\/\/sectorprensa.com.ar\/index.php?rest_route=%2Fwp%2Fv2%2Fmedia&parent=42598"}],"wp:term":[{"taxonomy":"category","embeddable":true,"href":"https:\/\/sectorprensa.com.ar\/index.php?rest_route=%2Fwp%2Fv2%2Fcategories&post=42598"},{"taxonomy":"post_tag","embeddable":true,"href":"https:\/\/sectorprensa.com.ar\/index.php?rest_route=%2Fwp%2Fv2%2Ftags&post=42598"}],"curies":[{"name":"wp","href":"https:\/\/api.w.org\/{rel}","templated":true}]}}