{"id":42625,"date":"2022-04-14T07:00:22","date_gmt":"2022-04-14T10:00:22","guid":{"rendered":"https:\/\/sectorprensa.com.ar\/?p=42625"},"modified":"2022-04-13T13:15:09","modified_gmt":"2022-04-13T16:15:09","slug":"san-isidro-vuelta-a-clases-presenciales-en-la-universidad-nacional-raul-scalabrini-ortiz","status":"publish","type":"post","link":"https:\/\/sectorprensa.com.ar\/?p=42625","title":{"rendered":"SAN ISIDRO: VUELTA A CLASES PRESENCIALES EN LA UNIVERSIDAD NACIONAL RA\u00daL SCALABRINI ORTIZ"},"content":{"rendered":"<h6><strong class=\"bajada\">M\u00e1s de 4000 estudiantes retoman la cursada presencial de forma gratuita en la UNSO en el marco de una oferta acad\u00e9mica amplia y variada.<\/strong><\/h6>\n<p><!--more--><\/p>\n<div class=\"row\">\n<div class=\"col-md-1 col-sticky\">\n<div class=\"inner-share-bar cf\">\n<div class=\"item\">\n<p>La Universidad Nacional Ra\u00fal Scalabrini Ortiz volvi\u00f3 a iniciar su ciclo lectivo presencial a m\u00e1s de 4000 estudiantes. Con impulso renovado y nuevas carreras como ciberseguridad, criminal\u00edstica y enfermer\u00eda la UNSO se consolida como l\u00edder en la regi\u00f3n con su innovadora oferta de educaci\u00f3n superior.<\/p>\n<p>\u201cEl desarrollo de una oferta educativa que atiende a las demandas reales de la sociedad se vi\u00f3 reflejado en el crecimiento de nuestra matr\u00edcula. La universidad p\u00fablica, inclusiva y de calidad que transforma vidas est\u00e1 m\u00e1s vigente que nunca\u201d\u00a0dijo la Rectora de la instituci\u00f3n, la Dra. Adriana L\u00f3pez.<\/p>\n<p>En este primer cuatrimestre, la UNSO inaugura un departamento y cinco nuevas carreras que se adicionan a la oferta de 11 carreras que ya se vienen dictando en la instituci\u00f3n. En el Departamento de Ciencias de la Producci\u00f3n, Econ\u00f3micas y Jur\u00eddicas est\u00e1n las novedades de la Tecnicatura Universitaria en\u00a0Criminal\u00edstica, Licenciatura en\u00a0Ciencias Forenses y Criminolog\u00eda,\u00a0Licenciatura en\u00a0Econom\u00eda,\u00a0Tecnicatura Universitaria en\u00a0An\u00e1lisis Contable<\/p>\n<p>Adem\u00e1s, dentro del Departamento de Ciencias Ambientales y Aplicadas, se presenta la carrera que le le dio un crecimiento exponencial y un perfil que pone a la instituci\u00f3n en la vanguardia de las \u00e1reas de vacancia del tejido socio productivo actual, la\u00a0Tecnicatura Universitaria en Ciberseguridad.<\/p>\n<p>\u201cEl acompa\u00f1amiento de la universidad es muy bueno, no solo que puedo cursar una carrera de tecnolog\u00eda gratis sino que tambi\u00e9n antes de la primera clase ya me hab\u00eda podido anotar a un programa de becas gracias a una charla informativa que dieron en el nuevo campus del Tren de la Costa\u201d dijo Adriano, uno de los ingresantes de ciberseguridad.<\/p>\n<p>Para m\u00e1s informaci\u00f3n sobre carreras y cursos gratuitos ingres\u00e1 a\u00a0<a href=\"https:\/\/www.unso.edu.ar\/\" target=\"_blank\" rel=\"noopener\">www.unso.edu.ar<\/a>\u00a0y segu\u00ed a la UNSO en redes sociales en @UNSanIsidro.<\/p>\n<blockquote class=\"wp-embedded-content\" data-secret=\"puARmkhgXt\"><p><a href=\"https:\/\/sectorprensa.com.ar\/llega-una-nueva-edicion-del-camino-del-santo-a-san-isidro\/\">LLEGA UNA NUEVA EDICI\u00d3N DEL CAMINO DEL SANTO A SAN ISIDRO<\/a><\/p><\/blockquote>\n<p><iframe loading=\"lazy\" class=\"wp-embedded-content\" sandbox=\"allow-scripts\" security=\"restricted\" style=\"position: absolute; clip: rect(1px, 1px, 1px, 1px);\" title=\"&#8220;LLEGA UNA NUEVA EDICI\u00d3N DEL CAMINO DEL SANTO A SAN ISIDRO&#8221; &#8212; SECTOR PRENSA\" src=\"https:\/\/sectorprensa.com.ar\/llega-una-nueva-edicion-del-camino-del-santo-a-san-isidro\/embed\/#?secret=puARmkhgXt\" data-secret=\"puARmkhgXt\" width=\"600\" height=\"338\" frameborder=\"0\" marginwidth=\"0\" marginheight=\"0\" scrolling=\"no\"><\/iframe><\/p>\n<\/div>\n<\/div>\n<\/div>\n<\/div>\n","protected":false},"excerpt":{"rendered":"<p>M\u00e1s de 4000 estudiantes retoman la cursada presencial de forma gratuita en la UNSO en el marco de una oferta<\/p>\n","protected":false},"author":1,"featured_media":42626,"comment_status":"closed","ping_status":"open","sticky":false,"template":"","format":"standard","meta":{"colormag_page_container_layout":"default_layout","colormag_page_sidebar_layout":"default_layout","footnotes":""},"categories":[17,10],"tags":[3080,6339],"class_list":["post-42625","post","type-post","status-publish","format-standard","has-post-thumbnail","hentry","category-destacadas","category-sociedad","tag-san-isidro","tag-unso"],"_links":{"self":[{"href":"https:\/\/sectorprensa.com.ar\/index.php?rest_route=\/wp\/v2\/posts\/42625","targetHints":{"allow":["GET"]}}],"collection":[{"href":"https:\/\/sectorprensa.com.ar\/index.php?rest_route=\/wp\/v2\/posts"}],"about":[{"href":"https:\/\/sectorprensa.com.ar\/index.php?rest_route=\/wp\/v2\/types\/post"}],"author":[{"embeddable":true,"href":"https:\/\/sectorprensa.com.ar\/index.php?rest_route=\/wp\/v2\/users\/1"}],"replies":[{"embeddable":true,"href":"https:\/\/sectorprensa.com.ar\/index.php?rest_route=%2Fwp%2Fv2%2Fcomments&post=42625"}],"version-history":[{"count":1,"href":"https:\/\/sectorprensa.com.ar\/index.php?rest_route=\/wp\/v2\/posts\/42625\/revisions"}],"predecessor-version":[{"id":42627,"href":"https:\/\/sectorprensa.com.ar\/index.php?rest_route=\/wp\/v2\/posts\/42625\/revisions\/42627"}],"wp:featuredmedia":[{"embeddable":true,"href":"https:\/\/sectorprensa.com.ar\/index.php?rest_route=\/wp\/v2\/media\/42626"}],"wp:attachment":[{"href":"https:\/\/sectorprensa.com.ar\/index.php?rest_route=%2Fwp%2Fv2%2Fmedia&parent=42625"}],"wp:term":[{"taxonomy":"category","embeddable":true,"href":"https:\/\/sectorprensa.com.ar\/index.php?rest_route=%2Fwp%2Fv2%2Fcategories&post=42625"},{"taxonomy":"post_tag","embeddable":true,"href":"https:\/\/sectorprensa.com.ar\/index.php?rest_route=%2Fwp%2Fv2%2Ftags&post=42625"}],"curies":[{"name":"wp","href":"https:\/\/api.w.org\/{rel}","templated":true}]}}