{"id":42707,"date":"2022-04-16T13:43:48","date_gmt":"2022-04-16T16:43:48","guid":{"rendered":"https:\/\/sectorprensa.com.ar\/?p=42707"},"modified":"2022-04-16T13:43:48","modified_gmt":"2022-04-16T16:43:48","slug":"el-gobierno-nacional-renovo-el-programa-mi-moto","status":"publish","type":"post","link":"https:\/\/sectorprensa.com.ar\/?p=42707","title":{"rendered":"EL GOBIERNO NACIONAL RENOV\u00d3 EL PROGRAMA \u00abMI MOTO\u00bb"},"content":{"rendered":"<h6><strong>El lunes se lanzar\u00e1 la d\u00e9cimo segunda etapa. El programa permite adquirir una moto en 48 cuotas, participan las 42 modelos nacionales de las 13 marcas.<\/strong><\/h6>\n<p><!--more--><\/p>\n<p>Este lunes, llega la d\u00e9cimo segunda etapa del programa \u00abMi Moto\u00bb, el mismo permite adquirir este veh\u00edculo en 48 cuotas. Mediante el Banco Naci\u00f3n, se realizar\u00e1 un aumento del monto m\u00e1ximo para financiar y ser\u00e1 de 300 mil pesos.<\/p>\n<p>La C\u00e1mara de Fabricantes de Motoveh\u00edculos (Cafam), que re\u00fane a las terminales del pa\u00eds, anunci\u00f3 que esta es la d\u00e9cimo segunda etapa del programa, el cual mantiene las condiciones de compra hasta en 48 cuotas, mediante el sistema de amortizaci\u00f3n franc\u00e9s y alcanzando a todos los usuarios, clientes o no, del Banco Naci\u00f3n.<\/p>\n<p>Lino Stefanuto, Presidente de Cafam, dijo cual es el objetivo: \u00abMediante este plan buscamos continuar apoyando el aumento de ventas de motoveh\u00edculos de origen nacional, como se viene dando este \u00faltimo tiempo\u201d.<\/p>\n<p>Luego, destac\u00f3 la importancia de trabajar con el gobierno nacional \u00abpara acordar mayores incentivos para la producci\u00f3n local para fomentar la industria y avanzar en los proyectos que est\u00e1n en marcha\u00bb.<\/p>\n<p>Las 13 marcas que participan del plan son Corven, Bajaj, Brava, Keller, Gilera, Honda, Mondial, Motomel, Suzuki, Guerrero, Okonoi, Zanella y Kiden.<\/p>\n<p>El programa alcanza a 42 modelos nacionales, las cuales pueden adquirirse en 48 cuotas con tasa fija de 19,50% para quienes sean clientes de sueldo BNA; mientras que ser\u00e1 del 29,50% para quienes no sean clientes.<\/p>\n<p>\u201cEs importante mantener este tipo de herramientas para permitir el acceso de m\u00e1s usuarios a nuestros veh\u00edculos\u201d, dijo Stefauto.<\/p>\n<p>Cafam, registr\u00f3 que en marzo se patentaron un total de 45 mil unidades, lo que significa un 30% de incremento con respecto al mismo per\u00edodo de 2021.<\/p>\n<p>Durante el a\u00f1o pasado se patentaron 393.059 unidades, 44,9% m\u00e1s que en el 2020, cuando las restricciones para combatir la pandemia afectaron a toda la econom\u00eda.<\/p>\n<blockquote class=\"wp-embedded-content\" data-secret=\"WF9G5a7rI5\"><p><a href=\"https:\/\/sectorprensa.com.ar\/se-conocio-la-inflacion-de-marzo-y-fue-record\/\">SE CONOCI\u00d3 LA INFLACI\u00d3N DE MARZO Y FUE R\u00c9CORD<\/a><\/p><\/blockquote>\n<p><iframe loading=\"lazy\" class=\"wp-embedded-content\" sandbox=\"allow-scripts\" security=\"restricted\" style=\"position: absolute; clip: rect(1px, 1px, 1px, 1px);\" title=\"&#8220;SE CONOCI\u00d3 LA INFLACI\u00d3N DE MARZO Y FUE R\u00c9CORD&#8221; &#8212; SECTOR PRENSA\" src=\"https:\/\/sectorprensa.com.ar\/se-conocio-la-inflacion-de-marzo-y-fue-record\/embed\/#?secret=WF9G5a7rI5\" data-secret=\"WF9G5a7rI5\" width=\"600\" height=\"338\" frameborder=\"0\" marginwidth=\"0\" marginheight=\"0\" scrolling=\"no\"><\/iframe><\/p>\n","protected":false},"excerpt":{"rendered":"<p>El lunes se lanzar\u00e1 la d\u00e9cimo segunda etapa. El programa permite adquirir una moto en 48 cuotas, participan las 42<\/p>\n","protected":false},"author":1,"featured_media":42708,"comment_status":"closed","ping_status":"open","sticky":false,"template":"","format":"standard","meta":{"colormag_page_container_layout":"default_layout","colormag_page_sidebar_layout":"default_layout","footnotes":""},"categories":[17,8],"tags":[6345,5564,4847],"class_list":["post-42707","post","type-post","status-publish","format-standard","has-post-thumbnail","hentry","category-destacadas","category-politica","tag-cafam","tag-economia","tag-mi-moto"],"_links":{"self":[{"href":"https:\/\/sectorprensa.com.ar\/index.php?rest_route=\/wp\/v2\/posts\/42707","targetHints":{"allow":["GET"]}}],"collection":[{"href":"https:\/\/sectorprensa.com.ar\/index.php?rest_route=\/wp\/v2\/posts"}],"about":[{"href":"https:\/\/sectorprensa.com.ar\/index.php?rest_route=\/wp\/v2\/types\/post"}],"author":[{"embeddable":true,"href":"https:\/\/sectorprensa.com.ar\/index.php?rest_route=\/wp\/v2\/users\/1"}],"replies":[{"embeddable":true,"href":"https:\/\/sectorprensa.com.ar\/index.php?rest_route=%2Fwp%2Fv2%2Fcomments&post=42707"}],"version-history":[{"count":1,"href":"https:\/\/sectorprensa.com.ar\/index.php?rest_route=\/wp\/v2\/posts\/42707\/revisions"}],"predecessor-version":[{"id":42709,"href":"https:\/\/sectorprensa.com.ar\/index.php?rest_route=\/wp\/v2\/posts\/42707\/revisions\/42709"}],"wp:featuredmedia":[{"embeddable":true,"href":"https:\/\/sectorprensa.com.ar\/index.php?rest_route=\/wp\/v2\/media\/42708"}],"wp:attachment":[{"href":"https:\/\/sectorprensa.com.ar\/index.php?rest_route=%2Fwp%2Fv2%2Fmedia&parent=42707"}],"wp:term":[{"taxonomy":"category","embeddable":true,"href":"https:\/\/sectorprensa.com.ar\/index.php?rest_route=%2Fwp%2Fv2%2Fcategories&post=42707"},{"taxonomy":"post_tag","embeddable":true,"href":"https:\/\/sectorprensa.com.ar\/index.php?rest_route=%2Fwp%2Fv2%2Ftags&post=42707"}],"curies":[{"name":"wp","href":"https:\/\/api.w.org\/{rel}","templated":true}]}}