{"id":42930,"date":"2022-04-23T09:00:46","date_gmt":"2022-04-23T12:00:46","guid":{"rendered":"https:\/\/sectorprensa.com.ar\/?p=42930"},"modified":"2022-04-22T12:08:53","modified_gmt":"2022-04-22T15:08:53","slug":"comenzo-la-obra-en-la-escuela-primaria-n83-de-altos-de-la-reja","status":"publish","type":"post","link":"https:\/\/sectorprensa.com.ar\/?p=42930","title":{"rendered":"COMENZ\u00d3 LA OBRA EN LA ESCUELA PRIMARIA N\u00b083 DE ALTOS DE LA REJA"},"content":{"rendered":"<h6 style=\"font-weight: 400;\"><strong>Tras 7 a\u00f1os, se retomaron los trabajos en la primera escuela que tendr\u00e1 el barrio Altos de la Reja gracias a la coordinaci\u00f3n y compromiso del gobierno municipal y provincial.<\/strong><\/h6>\n<p><!--more--><\/p>\n<p><span lang=\"ES-AR\">Despu\u00e9s de 7 a\u00f1os, hoy se retom\u00f3 la obra en la Escuela Primaria N\u00b0 83 gracias al trabajo coordinado del Gobierno del Municipio de Moreno<\/span><span lang=\"ES-AR\">\u00a0que conduce Mariel Fern\u00e1ndez\u00a0junto al Gobierno de la Provincia de Buenos Aires, conducido por Axel Kicillof.<br \/>\n<\/span><\/p>\n<p><span lang=\"ES-AR\">La obra est\u00e1 a cargo del Municipio y es financiada a trav\u00e9s del Programa Especial de Emergencia Educativa de la Provincia. Contempla trabajos de movimientos de suelo; finalizaci\u00f3n de paredes; colocaci\u00f3n de techos, puertas y ventanas; e instalaci\u00f3n sanitaria<\/span><span lang=\"ES-AR\">.<br \/>\n<\/span><\/p>\n<p>La finalizaci\u00f3n de estos trabajos que hoy se ponen en marcha, permitir\u00e1 que el barrio Altos de la Reja cuente con su primera Escuela Primaria.<\/p>\n<p>De esta forma, el gobierno municipal asume su responsabilidad y compromiso de garantizar condiciones dignas para la comunidad educativa morenense.<\/p>\n<blockquote class=\"wp-embedded-content\" data-secret=\"P4xYaVNI35\"><p><a href=\"https:\/\/sectorprensa.com.ar\/trujui-cumplio-80-anos-y-lo-celebro-junto-a-toda-su-comunidad\/\">TRUJUI CUMPLI\u00d3 80 A\u00d1OS Y LO CELEBR\u00d3 JUNTO A TODA SU COMUNIDAD<\/a><\/p><\/blockquote>\n<p><iframe loading=\"lazy\" class=\"wp-embedded-content\" sandbox=\"allow-scripts\" security=\"restricted\" style=\"position: absolute; clip: rect(1px, 1px, 1px, 1px);\" title=\"&#8220;TRUJUI CUMPLI\u00d3 80 A\u00d1OS Y LO CELEBR\u00d3 JUNTO A TODA SU COMUNIDAD&#8221; &#8212; SECTOR PRENSA\" src=\"https:\/\/sectorprensa.com.ar\/trujui-cumplio-80-anos-y-lo-celebro-junto-a-toda-su-comunidad\/embed\/#?secret=P4xYaVNI35\" data-secret=\"P4xYaVNI35\" width=\"600\" height=\"338\" frameborder=\"0\" marginwidth=\"0\" marginheight=\"0\" scrolling=\"no\"><\/iframe><\/p>\n","protected":false},"excerpt":{"rendered":"<p>Tras 7 a\u00f1os, se retomaron los trabajos en la primera escuela que tendr\u00e1 el barrio Altos de la Reja gracias<\/p>\n","protected":false},"author":1,"featured_media":42931,"comment_status":"closed","ping_status":"open","sticky":false,"template":"","format":"standard","meta":{"colormag_page_container_layout":"default_layout","colormag_page_sidebar_layout":"default_layout","footnotes":""},"categories":[17,2154,1173,10],"tags":[1536,6372,395],"class_list":["post-42930","post","type-post","status-publish","format-standard","has-post-thumbnail","hentry","category-destacadas","category-moreno","category-municipales","category-sociedad","tag-escuela","tag-escuela-83-la-reja","tag-obras"],"_links":{"self":[{"href":"https:\/\/sectorprensa.com.ar\/index.php?rest_route=\/wp\/v2\/posts\/42930","targetHints":{"allow":["GET"]}}],"collection":[{"href":"https:\/\/sectorprensa.com.ar\/index.php?rest_route=\/wp\/v2\/posts"}],"about":[{"href":"https:\/\/sectorprensa.com.ar\/index.php?rest_route=\/wp\/v2\/types\/post"}],"author":[{"embeddable":true,"href":"https:\/\/sectorprensa.com.ar\/index.php?rest_route=\/wp\/v2\/users\/1"}],"replies":[{"embeddable":true,"href":"https:\/\/sectorprensa.com.ar\/index.php?rest_route=%2Fwp%2Fv2%2Fcomments&post=42930"}],"version-history":[{"count":1,"href":"https:\/\/sectorprensa.com.ar\/index.php?rest_route=\/wp\/v2\/posts\/42930\/revisions"}],"predecessor-version":[{"id":42932,"href":"https:\/\/sectorprensa.com.ar\/index.php?rest_route=\/wp\/v2\/posts\/42930\/revisions\/42932"}],"wp:featuredmedia":[{"embeddable":true,"href":"https:\/\/sectorprensa.com.ar\/index.php?rest_route=\/wp\/v2\/media\/42931"}],"wp:attachment":[{"href":"https:\/\/sectorprensa.com.ar\/index.php?rest_route=%2Fwp%2Fv2%2Fmedia&parent=42930"}],"wp:term":[{"taxonomy":"category","embeddable":true,"href":"https:\/\/sectorprensa.com.ar\/index.php?rest_route=%2Fwp%2Fv2%2Fcategories&post=42930"},{"taxonomy":"post_tag","embeddable":true,"href":"https:\/\/sectorprensa.com.ar\/index.php?rest_route=%2Fwp%2Fv2%2Ftags&post=42930"}],"curies":[{"name":"wp","href":"https:\/\/api.w.org\/{rel}","templated":true}]}}