{"id":42936,"date":"2022-04-22T12:45:00","date_gmt":"2022-04-22T15:45:00","guid":{"rendered":"https:\/\/sectorprensa.com.ar\/?p=42936"},"modified":"2022-04-22T12:53:25","modified_gmt":"2022-04-22T15:53:25","slug":"moreno-nueve-policias-detenidos-en-una-causa-narco","status":"publish","type":"post","link":"https:\/\/sectorprensa.com.ar\/?p=42936","title":{"rendered":"MORENO: NUEVE POLIC\u00cdAS DETENIDOS EN UNA CAUSA NARCO"},"content":{"rendered":"<h6><strong>Se allan\u00f3 a la Comisar\u00eda Sexta y a la DDI de dicho distrito. Una polic\u00eda detenida es hija del subsecretario de Seguridad de General Rodr\u00edguez, quien renunci\u00f3 a su cargo.<\/strong><\/h6>\n<p><!--more--><\/p>\n<p>Nueve polic\u00edas fueron detenidos tras operativos desarrollados en las \u00faltimas horas en la Comisar\u00eda Sexta y en la DDI de Moreno, en el marco de una investigaci\u00f3n por una causa narco.<\/p>\n<p>Los allanamientos fueron realizados por agentes de la Superintendencia de Drogas Peligrosas de la Polic\u00eda Bonaerenses y la Auditor\u00eda General de Asuntos Internos de la Polic\u00eda Federal Argentina, bajo la instrucci\u00f3n de la UFI N\u00ba 10 del Departamento Judicial Moreno-General Rodr\u00edguez, que est\u00e1 a cargo de la fiscal Gabriela Urrutia pero, como se encuentra de licencia, subroga Gabriel L\u00f3pez, de la UFI N\u00ba 8.<\/p>\n<p>Los detenidos fueron identificados como la oficial principal Gabriela Noem\u00ed Ibarra; el sargento Leonardo Fabi\u00e1n Biotti; los oficiales Juan Eduardo Viera y Alexis Abel Romero; el subteniente Sebasti\u00e1n Eduardo Perin; el capit\u00e1n Abel Ram\u00f3n Acosta; el suboficial mayor \u00c1ngel Rufino Morales; el oficial ayudante Claudio Sebasti\u00e1n Branchi, y el subteniente Dar\u00edo Roberto Torres.<\/p>\n<p>De acuerdo a lo informado por fuentes judiciales, la causa deriva de una iniciada el 15 de febrero pasado, que a su vez se desprende de otro expediente por narcotr\u00e1fico, en el marco del cual fue detenido un ciudadano colombiano en Moreno a ra\u00edz del homicidio de Jos\u00e9 Guti\u00e9rrez, un sujeto de 32 a\u00f1os de edad asesinado en General Rodr\u00edguez de dos balazos aunque sin que le robaran nada, por lo que se presumi\u00f3 un ajuste de cuentas.<\/p>\n<p>La car\u00e1tula de esta causa en la que se termin\u00f3 deteniendo a los nueve agentes fue caratulada como \u201crobo agravado por ser cometido en poblado y en banda, por el uso de arma y por ser integrantes de una fuerza de seguridad en concurso real con falsedad ideol\u00f3gica de documento p\u00fablico y tenencia de estupefacientes con fines de comercializaci\u00f3n\u201d.<\/p>\n<p>Y es que, luego de ordenarse una serie de operativos y allanamientos, la Justicia sospechaba que los uniformados habr\u00edan detectado una gran cantidad de estupefacientes \u2013entre coca\u00edna y marihuana\u2013, la secuestraron y la trasladaron a un galp\u00f3n, e incluso en la casa de uno de ellos se hall\u00f3 marihuana y armamento.<\/p>\n<p>La pesquisa apunta que los polic\u00edas habr\u00edan solicitado la entrega de una abultada suma de dinero para devolver la droga a los propios narcos.<\/p>\n<p><strong>RENUNCI\u00d3 EL SUBSECRETARIO DE SEGURIDAD DE GENERAL RODR\u00cdGUEZ<\/strong><\/p>\n<p>El subsecretario de Seguridad de General Rodr\u00edguez, Alberto Daniel Ibarra, renunci\u00f3 a su cargo porque su hija, oficial principal de la Polic\u00eda bonaerense, es una de las detenidas.<\/p>\n<p>La renuncia fue enviada por Ibarra al intendente Mauro Garc\u00eda, tras el arresto de su hija, Gabriela Noem\u00ed Ibarra.<\/p>\n<p>\u00abComo es de p\u00fablico conocimiento, en la fecha la Justicia dispuso la detenci\u00f3n de mi hija Oficial Principal Gabriela Noem\u00ed Ibarra, que prestaba servicio en la D.D.I. de Moreno-General Rodr\u00edguez, como jefa del Gabinete de investigaci\u00f3n anti-drogas, de lo cual las diferentes fiscal\u00edas pueden dar fe de ello, pero se ha visto involucrada y salpicada por personal subordinado que actuaron al margen de la ley y que ella no pudo detectarlos\u00bb, indica el texto.<\/p>\n<p>Y a\u00f1ade: \u00abEsta decisi\u00f3n la tomo con mucho pesar, hasta tanto la Justicia determine las responsabilidades, que estoy convencido mi hija podr\u00e1 demostrar su inocencia, honestidad y recuperar su buen nombre y su honor\u00bb.<\/p>\n<blockquote class=\"wp-embedded-content\" data-secret=\"04Wk7UuXfk\"><p><a href=\"https:\/\/sectorprensa.com.ar\/video-tren-sarmiento-robo-un-celular-intento-escapar-pero-fue-abordado-por-los-pasajeros\/\">[VIDEO] TREN SARMIENTO: ROB\u00d3 UN CELULAR, INTENT\u00d3 ESCAPAR, PERO FUE ABORDADO POR LOS PASAJEROS<\/a><\/p><\/blockquote>\n<p><iframe loading=\"lazy\" class=\"wp-embedded-content\" sandbox=\"allow-scripts\" security=\"restricted\" style=\"position: absolute; clip: rect(1px, 1px, 1px, 1px);\" title=\"&#8220;[VIDEO] TREN SARMIENTO: ROB\u00d3 UN CELULAR, INTENT\u00d3 ESCAPAR, PERO FUE ABORDADO POR LOS PASAJEROS&#8221; &#8212; SECTOR PRENSA\" src=\"https:\/\/sectorprensa.com.ar\/video-tren-sarmiento-robo-un-celular-intento-escapar-pero-fue-abordado-por-los-pasajeros\/embed\/#?secret=04Wk7UuXfk\" data-secret=\"04Wk7UuXfk\" width=\"600\" height=\"338\" frameborder=\"0\" marginwidth=\"0\" marginheight=\"0\" scrolling=\"no\"><\/iframe><\/p>\n","protected":false},"excerpt":{"rendered":"<p>Se allan\u00f3 a la Comisar\u00eda Sexta y a la DDI de dicho distrito. Una polic\u00eda detenida es hija del subsecretario<\/p>\n","protected":false},"author":1,"featured_media":42937,"comment_status":"closed","ping_status":"open","sticky":false,"template":"","format":"standard","meta":{"colormag_page_container_layout":"default_layout","colormag_page_sidebar_layout":"default_layout","footnotes":""},"categories":[17,2154,12],"tags":[6375,487,2164,6295,2247,6374],"class_list":["post-42936","post","type-post","status-publish","format-standard","has-post-thumbnail","hentry","category-destacadas","category-moreno","category-policiales","tag-alberto-daniel-ibarra","tag-detenidos","tag-general-rodriguez","tag-narcotraficantes","tag-policias","tag-policias-detenidos"],"_links":{"self":[{"href":"https:\/\/sectorprensa.com.ar\/index.php?rest_route=\/wp\/v2\/posts\/42936","targetHints":{"allow":["GET"]}}],"collection":[{"href":"https:\/\/sectorprensa.com.ar\/index.php?rest_route=\/wp\/v2\/posts"}],"about":[{"href":"https:\/\/sectorprensa.com.ar\/index.php?rest_route=\/wp\/v2\/types\/post"}],"author":[{"embeddable":true,"href":"https:\/\/sectorprensa.com.ar\/index.php?rest_route=\/wp\/v2\/users\/1"}],"replies":[{"embeddable":true,"href":"https:\/\/sectorprensa.com.ar\/index.php?rest_route=%2Fwp%2Fv2%2Fcomments&post=42936"}],"version-history":[{"count":1,"href":"https:\/\/sectorprensa.com.ar\/index.php?rest_route=\/wp\/v2\/posts\/42936\/revisions"}],"predecessor-version":[{"id":42938,"href":"https:\/\/sectorprensa.com.ar\/index.php?rest_route=\/wp\/v2\/posts\/42936\/revisions\/42938"}],"wp:featuredmedia":[{"embeddable":true,"href":"https:\/\/sectorprensa.com.ar\/index.php?rest_route=\/wp\/v2\/media\/42937"}],"wp:attachment":[{"href":"https:\/\/sectorprensa.com.ar\/index.php?rest_route=%2Fwp%2Fv2%2Fmedia&parent=42936"}],"wp:term":[{"taxonomy":"category","embeddable":true,"href":"https:\/\/sectorprensa.com.ar\/index.php?rest_route=%2Fwp%2Fv2%2Fcategories&post=42936"},{"taxonomy":"post_tag","embeddable":true,"href":"https:\/\/sectorprensa.com.ar\/index.php?rest_route=%2Fwp%2Fv2%2Ftags&post=42936"}],"curies":[{"name":"wp","href":"https:\/\/api.w.org\/{rel}","templated":true}]}}