{"id":42940,"date":"2022-04-23T15:14:32","date_gmt":"2022-04-23T18:14:32","guid":{"rendered":"https:\/\/sectorprensa.com.ar\/?p=42940"},"modified":"2022-04-23T15:14:32","modified_gmt":"2022-04-23T18:14:32","slug":"provincia-cuatro-mujeres-seran-jefas-del-servicio-penitenciario","status":"publish","type":"post","link":"https:\/\/sectorprensa.com.ar\/?p=42940","title":{"rendered":"PROVINCIA: CUATRO MUJERES SER\u00c1N JEFAS DEL SERVICIO PENITENCIARIO"},"content":{"rendered":"<h6><strong>Ser\u00e1 un hecho que se produce por primera vez en la historia. El Servicio Penitenciario cuenta con cinco cargos, cuatro ser\u00e1n ocupados por mujeres.<\/strong><\/h6>\n<p><!--more--><\/p>\n<p>Por primera vez en la historia el Servicio Penitenciario bonaerense tendr\u00e1 cuatro de los cinco cargos ocupados por mujeres. En las \u00faltimas horas, el Ministerio de Justicia y Derechos Humanos de la Provincia de Buenos Aires dio a conocer la nueva Plana Mayor.<\/p>\n<p>\u00c9sta estar\u00e1 integrada por Javier Ra\u00fal C\u00e1ceres (Subjefe), Ricardo Roberto M\u00e9ndez (Director General de Seguridad), Norma Raquel D\u00edaz (Directora General de Asistencia y Tratamiento), Andrea Fern\u00e1ndez (Directora General de Recursos Humanos), se suman a Cristina Alejandra C\u00f3rdoba (Directora General de Coordinaci\u00f3n) y Mar\u00eda Luj\u00e1n Arbe (Directora General de Institutos de Formaci\u00f3n y Capacitaci\u00f3n).<\/p>\n<p>Los cambios en el SPB se dan debido a que esa es la din\u00e1mica de la instituci\u00f3n. Con respecto a los funcionarios que fueron reemplazados en sus cargos, se realiz\u00f3 un acto en forma de despedida en la Escuela de Cadetes de La Plata.<\/p>\n<p>Los funcionarios sustituidos son: el Inspector General Juan Vaccaro, el Director General de Asistencia y Tratamiento, el Inspector General Pablo Bonaf\u00e9, el Director General de Seguridad, Roberto Gonz\u00e1lez y la Directora General de Recursos Humanos, la Inspector General Norma Puccia.<\/p>\n<p>Los ahora ex integrantes, fueron agasajados en un evento y recibieron una plaqueta por parte de Axel Kicillof, Gobernador bonaerense, por su aporte y entrega a la instituci\u00f3n.<\/p>\n<p>Esta medida busca cambiar la pol\u00edtica institucional de la dependiente del Ministerio de Justicia y Derechos Humanos, titulada por Julio Alak, luego de una serie de episodios sucedidos en la unidad 48 de San Mart\u00edn.<\/p>\n<p>Cabe recordar que hace dos semanas, se hicieron publicas una serie de denuncias efectuadas por un grupo de mujeres del Servicio Penitenciario Bonaerense de San Mart\u00edn donde acusaban a sus jefes por acoso laboral. Una empleada administrativa hab\u00eda manifestado que las castigaban diariamente \u201ccon horas de recargo \u201cy que \u00abno eran respetadas\u201d.<\/p>\n<blockquote class=\"wp-embedded-content\" data-secret=\"KQYb31buIL\"><p><a href=\"https:\/\/sectorprensa.com.ar\/provincia-se-rescataron-12-mil-millones-de-pesos-de-letras-del-tesoro\/\">PROVINCIA: SE RESCATARON 12 MIL MILLONES DE PESOS DE LETRAS DEL TESORO<\/a><\/p><\/blockquote>\n<p><iframe loading=\"lazy\" class=\"wp-embedded-content\" sandbox=\"allow-scripts\" security=\"restricted\" style=\"position: absolute; clip: rect(1px, 1px, 1px, 1px);\" title=\"&#8220;PROVINCIA: SE RESCATARON 12 MIL MILLONES DE PESOS DE LETRAS DEL TESORO&#8221; &#8212; SECTOR PRENSA\" src=\"https:\/\/sectorprensa.com.ar\/provincia-se-rescataron-12-mil-millones-de-pesos-de-letras-del-tesoro\/embed\/#?secret=KQYb31buIL\" data-secret=\"KQYb31buIL\" width=\"600\" height=\"338\" frameborder=\"0\" marginwidth=\"0\" marginheight=\"0\" scrolling=\"no\"><\/iframe><\/p>\n","protected":false},"excerpt":{"rendered":"<p>Ser\u00e1 un hecho que se produce por primera vez en la historia. El Servicio Penitenciario cuenta con cinco cargos, cuatro<\/p>\n","protected":false},"author":1,"featured_media":42941,"comment_status":"closed","ping_status":"open","sticky":false,"template":"","format":"standard","meta":{"colormag_page_container_layout":"default_layout","colormag_page_sidebar_layout":"default_layout","footnotes":""},"categories":[17,18],"tags":[6325,2194,411],"class_list":["post-42940","post","type-post","status-publish","format-standard","has-post-thumbnail","hentry","category-destacadas","category-provincia","tag-ministerio-de-justicia-y-derechos-humanos","tag-mujeres","tag-servicio-penitenciario"],"_links":{"self":[{"href":"https:\/\/sectorprensa.com.ar\/index.php?rest_route=\/wp\/v2\/posts\/42940","targetHints":{"allow":["GET"]}}],"collection":[{"href":"https:\/\/sectorprensa.com.ar\/index.php?rest_route=\/wp\/v2\/posts"}],"about":[{"href":"https:\/\/sectorprensa.com.ar\/index.php?rest_route=\/wp\/v2\/types\/post"}],"author":[{"embeddable":true,"href":"https:\/\/sectorprensa.com.ar\/index.php?rest_route=\/wp\/v2\/users\/1"}],"replies":[{"embeddable":true,"href":"https:\/\/sectorprensa.com.ar\/index.php?rest_route=%2Fwp%2Fv2%2Fcomments&post=42940"}],"version-history":[{"count":1,"href":"https:\/\/sectorprensa.com.ar\/index.php?rest_route=\/wp\/v2\/posts\/42940\/revisions"}],"predecessor-version":[{"id":42942,"href":"https:\/\/sectorprensa.com.ar\/index.php?rest_route=\/wp\/v2\/posts\/42940\/revisions\/42942"}],"wp:featuredmedia":[{"embeddable":true,"href":"https:\/\/sectorprensa.com.ar\/index.php?rest_route=\/wp\/v2\/media\/42941"}],"wp:attachment":[{"href":"https:\/\/sectorprensa.com.ar\/index.php?rest_route=%2Fwp%2Fv2%2Fmedia&parent=42940"}],"wp:term":[{"taxonomy":"category","embeddable":true,"href":"https:\/\/sectorprensa.com.ar\/index.php?rest_route=%2Fwp%2Fv2%2Fcategories&post=42940"},{"taxonomy":"post_tag","embeddable":true,"href":"https:\/\/sectorprensa.com.ar\/index.php?rest_route=%2Fwp%2Fv2%2Ftags&post=42940"}],"curies":[{"name":"wp","href":"https:\/\/api.w.org\/{rel}","templated":true}]}}